{"id":80092,"date":"2025-05-07T22:03:36","date_gmt":"2025-05-08T04:03:36","guid":{"rendered":"https:\/\/zonaroja.com.mx\/?p=80092"},"modified":"2025-05-07T22:03:36","modified_gmt":"2025-05-08T04:03:36","slug":"inicia-el-dif-oaxaca-foros-del-programa-guardianes-de-los-derechos","status":"publish","type":"post","link":"https:\/\/zonaroja.com.mx\/?p=80092","title":{"rendered":"Inicia el DIF Oaxaca foros del programa Guardianes de los Derechos"},"content":{"rendered":"\n<p class=\"MsoNormal\">Redacci\u00f3n\/Zona Roja.&nbsp;<\/p>\n\n\n\n<p class=\"MsoNormal\">Oaxaca de Ju\u00e1rez, Oax., 7 de mayo de 2025.-&nbsp;Con el compromiso de promover la defensa y protecci\u00f3n de los derechos de la ni\u00f1ez, el Sistema para el Desarrollo Integral de la Familia (DIF) Oaxaca arranc\u00f3 los foros del programa Guardianes de los Derechos, en la Plaza de la Danza, los cuales se replicar\u00e1n en&nbsp;las ocho&nbsp;regiones del estado.&nbsp;<\/p>\n\n\n\n<p class=\"MsoNormal\">Con la presencia de ni\u00f1as y ni\u00f1os de diversos centros escolares de la capital oaxaque\u00f1a, la presidenta honoraria de este organismo estatal, Irma Bola\u00f1os Quijano encabez\u00f3 el evento en el que se refrend\u00f3 el compromiso de anteponer el inter\u00e9s superior de las infancias en las acciones gubernamentales.<\/p>\n\n\n\n<p class=\"MsoNormal\">A fin de mejorar la calidad de la interacci\u00f3n familiar y redes de apoyo, como elemento facilitador en el sano desarrollo psicol\u00f3gico de la ni\u00f1ez y adolescencia, a trav\u00e9s de foros planificados por un equipo multidisciplinario de pedagog\u00eda, psicolog\u00eda, entre otras especialidades.&nbsp;<\/p>\n\n\n\n<p class=\"MsoNormal\">Con actividades din\u00e1micas e informativas, personal de la Direcci\u00f3n de Desarrollo Familiar y Social e invitados especiales, les recordaron a las infancias cu\u00e1les son sus derechos y la importancia de que sean respetados en todo momento.<\/p>\n\n\n\n<p class=\"MsoNormal\">La legislaci\u00f3n que los protege est\u00e1 establecida en la Convenci\u00f3n de los Derechos de la Ni\u00f1ez y la Ley General de los Derechos de Ni\u00f1as, Ni\u00f1os y Adolescentes, entre otras.<\/p>\n\n\n\n<p class=\"MsoNormal\">En su participaci\u00f3n, la directora de Desarrollo Familiar y Social, Ita Yetzi Navarro L\u00f3pez conmin\u00f3 a las personas adultas respetarles como personas sujetas de derechos, defenderles y orientarles a una sociedad justa y equitativa, hacia un futuro transformador.<\/p>\n\n\n\n<p class=\"MsoNormal\">En representaci\u00f3n del Gobernador Salom\u00f3n Jara Cruz, la titular de la Secretar\u00eda de Bienestar, Tequio e Inclusi\u00f3n (Sebienti), Vilma Mart\u00ednez Cort\u00e9s extern\u00f3 el compromiso de la Primavera Oaxaque\u00f1a de cuidar los derechos de la ni\u00f1ez, principalmente a ser escuchada y protegida.<\/p>\n\n\n\n<p class=\"MsoNormal\">\u201cDesde el DIF y la Sebienti, trabajamos todos los d\u00edas para que la ni\u00f1ez tenga acceso a salud, educaci\u00f3n, alimentaci\u00f3n y a una vida libre de violencia. En este foro, todas y todos podemos ser guardianes al defender las garant\u00edas de quienes enfrenten una situaci\u00f3n dif\u00edcil. Oaxaca es m\u00e1s fuerte cuando cuida a las infancias\u201d, dijo.<\/p>\n\n\n\n<p class=\"MsoNormal\">En este sentido, las guardianas y guardianes de los derechos: Mariel, Karla, Aldair, Yaretzi e Izan, reiteraron la importancia de que se les respeten sus garant\u00edas a vivir en familia, educaci\u00f3n, vida libre de violencia, a no ser discriminado y a la libertad de expresi\u00f3n.&nbsp;<\/p>\n\n\n\n<p class=\"MsoNormal\">Cabe destacar que tambi\u00e9n se cont\u00f3 con la participaci\u00f3n de la Estudiantina del Cendi n\u00famero 1, el teatro infantil de la Casa de la Cultura Oaxaque\u00f1a y una actividad de abrazoterapia.<\/p>\n\n\n\n<p class=\"MsoNormal\">Tambi\u00e9n la magistrada especializada en adolescentes en defensa de los derechos de las personas con discapacidad, ni\u00f1as, ni\u00f1os y mujeres, Mar\u00eda Cristina Mart\u00ednez Tenorio les orient\u00f3 acerca de estos temas que deben tener presentes en su d\u00eda a d\u00eda.<\/p>\n","protected":false},"excerpt":{"rendered":"<p>Redacci\u00f3n\/Zona Roja.&nbsp; Oaxaca de Ju\u00e1rez, Oax., 7 de mayo de 2025.-&nbsp;Con el compromiso de promover&hellip;<\/p>\n","protected":false},"author":2,"featured_media":80091,"comment_status":"closed","ping_status":"open","sticky":false,"template":"","format":"standard","meta":{"_lmt_disableupdate":"","_lmt_disable":"","_jetpack_memberships_contains_paid_content":false,"footnotes":""},"categories":[109,46],"tags":[],"class_list":["post-80092","post","type-post","status-publish","format-standard","has-post-thumbnail","hentry","category-minuto-a-minuto","category-zona-blanca"],"jetpack_featured_media_url":"https:\/\/zonaroja.com.mx\/wp-content\/uploads\/2025\/05\/dif-3-1.jpg","jetpack_sharing_enabled":true,"_links":{"self":[{"href":"https:\/\/zonaroja.com.mx\/index.php?rest_route=\/wp\/v2\/posts\/80092","targetHints":{"allow":["GET"]}}],"collection":[{"href":"https:\/\/zonaroja.com.mx\/index.php?rest_route=\/wp\/v2\/posts"}],"about":[{"href":"https:\/\/zonaroja.com.mx\/index.php?rest_route=\/wp\/v2\/types\/post"}],"author":[{"embeddable":true,"href":"https:\/\/zonaroja.com.mx\/index.php?rest_route=\/wp\/v2\/users\/2"}],"replies":[{"embeddable":true,"href":"https:\/\/zonaroja.com.mx\/index.php?rest_route=%2Fwp%2Fv2%2Fcomments&post=80092"}],"version-history":[{"count":1,"href":"https:\/\/zonaroja.com.mx\/index.php?rest_route=\/wp\/v2\/posts\/80092\/revisions"}],"predecessor-version":[{"id":80093,"href":"https:\/\/zonaroja.com.mx\/index.php?rest_route=\/wp\/v2\/posts\/80092\/revisions\/80093"}],"wp:featuredmedia":[{"embeddable":true,"href":"https:\/\/zonaroja.com.mx\/index.php?rest_route=\/wp\/v2\/media\/80091"}],"wp:attachment":[{"href":"https:\/\/zonaroja.com.mx\/index.php?rest_route=%2Fwp%2Fv2%2Fmedia&parent=80092"}],"wp:term":[{"taxonomy":"category","embeddable":true,"href":"https:\/\/zonaroja.com.mx\/index.php?rest_route=%2Fwp%2Fv2%2Fcategories&post=80092"},{"taxonomy":"post_tag","embeddable":true,"href":"https:\/\/zonaroja.com.mx\/index.php?rest_route=%2Fwp%2Fv2%2Ftags&post=80092"}],"curies":[{"name":"wp","href":"https:\/\/api.w.org\/{rel}","templated":true}]}}