{"id":80094,"date":"2025-05-08T06:42:47","date_gmt":"2025-05-08T12:42:47","guid":{"rendered":"https:\/\/zonaroja.com.mx\/?p=80094"},"modified":"2025-05-08T06:42:49","modified_gmt":"2025-05-08T12:42:49","slug":"muere-agente-de-la-fiscalia-tras-rescate-de-secuestrado-en-la-mixteca","status":"publish","type":"post","link":"https:\/\/zonaroja.com.mx\/?p=80094","title":{"rendered":"Muere agente de la Fiscal\u00eda tras rescate de secuestrado en la Mixteca"},"content":{"rendered":"\n<p>Ismael Garc\u00eda M.\/Zona Roja.<\/p>\n\n\n\n<p>Oaxaca de Ju\u00e1rez, Oax., a 8 de mayo de 2025.- Un integrante de la Unidad Especializada de Combate al Secuestro (UECS) de la Fiscal\u00eda General del Estado de Oaxaca muri\u00f3 anoche en el cumplimiento de su deber, tras el rescate de una persona plagiada.<\/p>\n\n\n\n<p>Ocurri\u00f3 en San Pedro y San Pablo Teposcolula, municipio de la regi\u00f3n Mixteca, en que el grupo especializado realiz\u00f3 una intervenci\u00f3n luego del reporte de una persona desaparecida originaria de San Miguel El Grande.<\/p>\n\n\n\n<p>Fue en la calle Hidalgo de Teposcolula donde los agentes antisecuestro detectaron a los presuntos delincuentes que cometieron el plagio, lo cual origin\u00f3 el ataque armado por parte del grupo delictivo, con saldo de un muerto, el elemento de la UECS de nombre Isa\u00ed \u201cN\u201d.<\/p>\n\n\n\n<p>Asimismo, resultaron lesionadas tres personas m\u00e1s, un agente policiaco y dos detenidos por personal de la Fiscal\u00eda General; tras ello se logr\u00f3 el rescate de Misael M. M., de 30 a\u00f1os de edad, quien hab\u00eda desaparecido luego de salir del municipio de San Miguel El Grande; habr\u00eda sido secuestrado en la carretera con rumbo a Tlaxiaco.<\/p>\n\n\n\n<p>Los hechos violentos los confirm\u00f3 la autoridad de Teposcolula a trav\u00e9s de un comunicado; hasta el momento la Fiscal\u00eda General no ha emitido informaci\u00f3n al respecto.<\/p>\n\n\n\n<p>OTRO ASESINADO<\/p>\n\n\n\n<p>Por otra parte, ayer por la tarde en c\u00e9ntrica calle de Ejutla de Crespo, municipio de la regi\u00f3n Valles Centrales, fue asesinado un individuo en el interior de una unidad de motor.<\/p>\n\n\n\n<p>La v\u00edctima fue identificada de manera preliminar como Carino Gael G. B., de 49 a\u00f1os de edad, cuyo cuerpo con varios impactos de arma de fuego se encontraba en el interior de un coche tipo Tsuru, marca Nissan.<\/p>\n\n\n\n<p>Por el momento no hay reporte de personas detenidas por este caso y la polic\u00eda municipal no logr\u00f3 dar con el paradero de los atacantes.<\/p>\n","protected":false},"excerpt":{"rendered":"<p>Ismael Garc\u00eda M.\/Zona Roja. Oaxaca de Ju\u00e1rez, Oax., a 8 de mayo de 2025.- Un&hellip;<\/p>\n","protected":false},"author":2,"featured_media":80095,"comment_status":"closed","ping_status":"open","sticky":false,"template":"","format":"standard","meta":{"_lmt_disableupdate":"","_lmt_disable":"","_jetpack_memberships_contains_paid_content":false,"footnotes":""},"categories":[109,51],"tags":[2737,4299],"class_list":["post-80094","post","type-post","status-publish","format-standard","has-post-thumbnail","hentry","category-minuto-a-minuto","category-zona-roja","tag-san-pedro-y-san-pablo-teposcolula","tag-unidad-especializada-de-combate-al-secuestro-uecs"],"jetpack_featured_media_url":"https:\/\/zonaroja.com.mx\/wp-content\/uploads\/2025\/05\/Rescate-violento-Teposcolula-UECS.jpg","jetpack_sharing_enabled":true,"_links":{"self":[{"href":"https:\/\/zonaroja.com.mx\/index.php?rest_route=\/wp\/v2\/posts\/80094","targetHints":{"allow":["GET"]}}],"collection":[{"href":"https:\/\/zonaroja.com.mx\/index.php?rest_route=\/wp\/v2\/posts"}],"about":[{"href":"https:\/\/zonaroja.com.mx\/index.php?rest_route=\/wp\/v2\/types\/post"}],"author":[{"embeddable":true,"href":"https:\/\/zonaroja.com.mx\/index.php?rest_route=\/wp\/v2\/users\/2"}],"replies":[{"embeddable":true,"href":"https:\/\/zonaroja.com.mx\/index.php?rest_route=%2Fwp%2Fv2%2Fcomments&post=80094"}],"version-history":[{"count":1,"href":"https:\/\/zonaroja.com.mx\/index.php?rest_route=\/wp\/v2\/posts\/80094\/revisions"}],"predecessor-version":[{"id":80096,"href":"https:\/\/zonaroja.com.mx\/index.php?rest_route=\/wp\/v2\/posts\/80094\/revisions\/80096"}],"wp:featuredmedia":[{"embeddable":true,"href":"https:\/\/zonaroja.com.mx\/index.php?rest_route=\/wp\/v2\/media\/80095"}],"wp:attachment":[{"href":"https:\/\/zonaroja.com.mx\/index.php?rest_route=%2Fwp%2Fv2%2Fmedia&parent=80094"}],"wp:term":[{"taxonomy":"category","embeddable":true,"href":"https:\/\/zonaroja.com.mx\/index.php?rest_route=%2Fwp%2Fv2%2Fcategories&post=80094"},{"taxonomy":"post_tag","embeddable":true,"href":"https:\/\/zonaroja.com.mx\/index.php?rest_route=%2Fwp%2Fv2%2Ftags&post=80094"}],"curies":[{"name":"wp","href":"https:\/\/api.w.org\/{rel}","templated":true}]}}