{"id":80097,"date":"2025-05-08T08:47:00","date_gmt":"2025-05-08T14:47:00","guid":{"rendered":"https:\/\/zonaroja.com.mx\/?p=80097"},"modified":"2025-05-08T06:48:15","modified_gmt":"2025-05-08T12:48:15","slug":"vive-sinaloa-otra-jornada-violenta-por-disputas-del-crimen-organizado","status":"publish","type":"post","link":"https:\/\/zonaroja.com.mx\/?p=80097","title":{"rendered":"Vive Sinaloa otra jornada violenta por disputas del crimen organizado"},"content":{"rendered":"\n<p>Redacci\u00f3n\/Zona Roja Cdmx.<\/p>\n\n\n\n<p>Ciudad de M\u00e9xico, a 8 de mayo de 2025.- Una jornada violenta golpe\u00f3 a Sinaloa este mi\u00e9rcoles 7 de mayo, dejando bloqueos con veh\u00edculos incendiados, enfrentamientos armados entre civiles y una intensa movilizaci\u00f3n de fuerzas de seguridad.&nbsp;<\/p>\n\n\n\n<p>Aunque los hechos comenzaron desde tempranas horas en distintos municipios, fue en la noche cuando se concentraron los actos m\u00e1s graves en Culiac\u00e1n, Mocorito y Navolato.<\/p>\n\n\n\n<p>De acuerdo con reportes en redes sociales y medios locales, la salida norte de Culiac\u00e1n, a la altura de los moteles, fue bloqueada por tres veh\u00edculos \u2014un tr\u00e1iler, un cami\u00f3n de transporte de personal y una camioneta\u2014 que posteriormente fueron incendiados. Las unidades fueron utilizadas para cerrar el paso sobre la carretera libre M\u00e9xico 15, una zona de alta circulaci\u00f3n vehicular, report\u00f3 \u201cLos Noticieristas\u201d.<\/p>\n\n\n\n<p>A la par, \u201cEl Sol de Sinaloa\u201d report\u00f3 que elementos de seguridad detectaron drones en la zona del bloqueo, aunque no se ha confirmado si pertenecen a las fuerzas del orden o a los grupos delictivos.<\/p>\n\n\n\n<p>Asimismo, se report\u00f3 que el bulevar Gabriel Leyva Solano fue obstruido con ponchallantas, mientras que en las inmediaciones de la plaza Forum se desplegaron elementos militares.<\/p>\n\n\n\n<p>LAS BALACERAS<\/p>\n\n\n\n<p>De forma casi simult\u00e1nea a los bloqueos en Culiac\u00e1n, se registraron enfrentamientos armados en Mocorito y Navolato. La Secretar\u00eda de Seguridad P\u00fablica de Sinaloa public\u00f3 a las 21:32 horas en su cuenta oficial de X (antes Twitter):<\/p>\n\n\n\n<p>\u201c#SSPSinaloa informa que se recibi\u00f3 reporte de disparos entre civiles en Pericos y Caimanero en Mocorito as\u00ed como en El Batall\u00f3n, Navolato. Las autoridades ya se encuentran trabajando en estos hechos. Se recomienda precauci\u00f3n y evitar circular por estas vialidades en tanto se controla la situaci\u00f3n\u201d.<\/p>\n\n\n\n<p>M\u00e1s tarde, a las 23:26 horas, la dependencia actualiz\u00f3 la informaci\u00f3n con un segundo comunicado oficial:<\/p>\n\n\n\n<p>\u201c#SSPSinaloa informa que, ante los distintos hechos de seguridad en los municipios de Culiac\u00e1n, Navolato y Mocorito, las autoridades federales y locales, de manera interinstitucional, han atendido todos los reportes para restablecer las condiciones lo antes posible; recomendamos a la poblaci\u00f3n mantener la calma y evitar circular por las zonas en riesgo\u201d.<\/p>\n\n\n\n<p>Durante la tarde y noche, comenzaron a circular en redes sociales videos e im\u00e1genes de los bloqueos e incendios. En uno de ellos, el periodista Luis Alberto D\u00edaz hizo un llamado urgente a la poblaci\u00f3n:<\/p>\n\n\n\n<p>\u201cEs la informaci\u00f3n que nos est\u00e1n dando las autoridades: hay balaceras, un operativo muy fuerte en la zona de Jes\u00fas Mar\u00eda, hay aparentemente una reacci\u00f3n muy importante y estas son las reacciones\u201d, afirm\u00f3.<\/p>\n\n\n\n<p>Algunos de los videos mostraban a hombres armados saliendo de la ciudad a bordo de camionetas; as\u00ed como las unidades siendo consumidas por las llamas. El punto de mayores enfrentamientos habr\u00eda sido Villa Ju\u00e1rez.<\/p>\n\n\n\n<p>ATACAN A POLIC\u00cdAS<\/p>\n\n\n\n<p>Por otro lado, un grupo de polic\u00edas municipales que cenaba en una taquer\u00eda ubicada en el fraccionamiento Pradera Dorada etapa 6, en Mazatl\u00e1n, fue atacado a balazos la noche del mi\u00e9rcoles. Al menos dos agentes perdieron la vida entre las mesas y sillas del local, mientras que otros cuatro uniformados resultaron heridos y fueron trasladados por equipos de emergencia. El ataque ocurri\u00f3 poco despu\u00e9s de las 23:00 horas.<\/p>\n\n\n\n<p>El sitio fue r\u00e1pidamente sitiado por decenas de elementos preventivos que llegaron a apoyar a sus compa\u00f1eros y resguardar la escena. El estado de salud de los lesionados se reporta como delicado. Hasta el momento, el gobierno municipal no ha emitido ning\u00fan pronunciamiento oficial sobre el atentado.<\/p>\n\n\n\n<p>De igual forma, en Villa Ju\u00e1rez, Navolato, fue localizada una camioneta abandonada con varios cuerpos , presuntamente de integrantes del grupo armado conocido como Los Chimalis. El veh\u00edculo llevaba un mensaje firmado con las iniciales \u201cMF\u201d, en referencia a Mayito Flaco.<\/p>\n\n\n\n<p>TERCER D\u00cdA<\/p>\n\n\n\n<p>Este mi\u00e9rcoles se cumpli\u00f3 el tercer d\u00eda consecutivo de violencia en Sinaloa, donde distintos municipios han sido escenario de enfrentamientos armados, bloqueos carreteros y quema de veh\u00edculos. Desde el lunes 5 de mayo, se han registrado hechos similares en diversas regiones del estado, lo que ha generado un ambiente de tensi\u00f3n e incertidumbre, pues la guerra entre Los Chapitos y La Mayiza al parecer habr\u00eda salido de la zona de Culiac\u00e1n, donde se libr\u00f3 la batalla en los \u00faltimos meses.<\/p>\n\n\n\n<p>Antes de los eventos registrados en la noche, durante el transcurso del d\u00eda se reportaron otros hechos violentos en otros municipios: Badiraguato, Salvador Alvarado (Guam\u00fachil), Mazatl\u00e1n, Escuinapa y El Rosario.<\/p>\n\n\n\n<p>En Badiraguato, se reportaron enfrentamientos armados en el poblado de El Barril, mientras que en Salvador Alvarado fueron bloqueadas avenidas principales con quema de pacas y llantas.<\/p>\n\n\n\n<p>En el sur del estado, Latinus report\u00f3 cortes carreteros en Mazatl\u00e1n, Escuinapa y El Rosario, donde tambi\u00e9n se alert\u00f3 sobre presencia armada.<\/p>\n\n\n\n<p>Hasta el momento, las autoridades no han confirmado personas lesionadas o fallecidas. Sin embargo, los operativos en curso indican que la situaci\u00f3n sigue activa y bajo evaluaci\u00f3n. Se espera que en las pr\u00f3ximas horas la Secretar\u00eda de Seguridad P\u00fablica emita un balance m\u00e1s detallado con cifras oficiales y medidas adicionales.<\/p>\n\n\n\n<p>(Informaci\u00f3n de Infobae M\u00e9xico)<\/p>\n","protected":false},"excerpt":{"rendered":"<p>Redacci\u00f3n\/Zona Roja Cdmx. Ciudad de M\u00e9xico, a 8 de mayo de 2025.- Una jornada violenta&hellip;<\/p>\n","protected":false},"author":2,"featured_media":80098,"comment_status":"closed","ping_status":"open","sticky":false,"template":"","format":"standard","meta":{"_lmt_disableupdate":"","_lmt_disable":"","_jetpack_memberships_contains_paid_content":false,"footnotes":""},"categories":[109,47],"tags":[1789],"class_list":["post-80097","post","type-post","status-publish","format-standard","has-post-thumbnail","hentry","category-minuto-a-minuto","category-zona-gris","tag-enfrentamientos-sinaloa"],"jetpack_featured_media_url":"https:\/\/zonaroja.com.mx\/wp-content\/uploads\/2025\/05\/Enfrentamientos-Sinaloa-.jpg.avif","jetpack_sharing_enabled":true,"_links":{"self":[{"href":"https:\/\/zonaroja.com.mx\/index.php?rest_route=\/wp\/v2\/posts\/80097","targetHints":{"allow":["GET"]}}],"collection":[{"href":"https:\/\/zonaroja.com.mx\/index.php?rest_route=\/wp\/v2\/posts"}],"about":[{"href":"https:\/\/zonaroja.com.mx\/index.php?rest_route=\/wp\/v2\/types\/post"}],"author":[{"embeddable":true,"href":"https:\/\/zonaroja.com.mx\/index.php?rest_route=\/wp\/v2\/users\/2"}],"replies":[{"embeddable":true,"href":"https:\/\/zonaroja.com.mx\/index.php?rest_route=%2Fwp%2Fv2%2Fcomments&post=80097"}],"version-history":[{"count":1,"href":"https:\/\/zonaroja.com.mx\/index.php?rest_route=\/wp\/v2\/posts\/80097\/revisions"}],"predecessor-version":[{"id":80099,"href":"https:\/\/zonaroja.com.mx\/index.php?rest_route=\/wp\/v2\/posts\/80097\/revisions\/80099"}],"wp:featuredmedia":[{"embeddable":true,"href":"https:\/\/zonaroja.com.mx\/index.php?rest_route=\/wp\/v2\/media\/80098"}],"wp:attachment":[{"href":"https:\/\/zonaroja.com.mx\/index.php?rest_route=%2Fwp%2Fv2%2Fmedia&parent=80097"}],"wp:term":[{"taxonomy":"category","embeddable":true,"href":"https:\/\/zonaroja.com.mx\/index.php?rest_route=%2Fwp%2Fv2%2Fcategories&post=80097"},{"taxonomy":"post_tag","embeddable":true,"href":"https:\/\/zonaroja.com.mx\/index.php?rest_route=%2Fwp%2Fv2%2Ftags&post=80097"}],"curies":[{"name":"wp","href":"https:\/\/api.w.org\/{rel}","templated":true}]}}