{"id":8010,"date":"2020-01-24T11:44:31","date_gmt":"2020-01-24T17:44:31","guid":{"rendered":"https:\/\/www.zonaroja.com.mx\/?p=8010"},"modified":"2020-01-24T11:44:34","modified_gmt":"2020-01-24T17:44:34","slug":"atletas-paralimpicos-demandaron-intervencion-del-tsj-por-falta-de-pago-de-becas","status":"publish","type":"post","link":"https:\/\/zonaroja.com.mx\/?p=8010","title":{"rendered":"Atletas paral\u00edmpicos demandaron intervenci\u00f3n del TSJ por falta de pago de becas"},"content":{"rendered":"\n<p class=\"MsoNormal\">Yuridiana Sosa\/Zona Roja.&nbsp;<\/p>\n\n\n\n<p class=\"MsoNormal\">Oaxaca de Ju\u00e1rez, Oax., 24 de enero de 2020.- Por la omisi\u00f3n en la entrega de becas vitalicias como lo establece la Ley de Cultura F\u00edsica y Deporte para el Estado de Oaxaca, medallistas paral\u00edmpicos pidieron la intervenci\u00f3n del Tribunal Superior de Justica de Oaxaca ante la negativa de pago de la directora de la Comisi\u00f3n Estatal de Cultura F\u00edsica y del Deporte del Estado de Oaxaca (Cecude), Monserrat Arag\u00f3n Heinze.<\/p>\n\n\n\n<p class=\"MsoNormal\">Con el apoyo de la organizaci\u00f3n Litigio Estrat\u00e9gico, integrantes de la Asociaci\u00f3n de Medallistas Paral\u00edmpicos, Mundialistas, Parapanamericanos Internacionales del Estado de Oaxaca A.C. demandaron en v\u00eda de juicio de protecci\u00f3n de los derechos humanos a la titular de Cecude, pues incumpli\u00f3 en la recomendaci\u00f3n 4\/2019 que emiti\u00f3 la Defensor\u00eda de los Derechos Humanos del Pueblo de Oaxaca para el otorgamiento del apoyo.<\/p>\n\n\n\n<p class=\"MsoNormal\">La falta de este recurso econ\u00f3mico estipulado en las leyes estatales afecta a cerca de 23 deportistas oaxaque\u00f1os discapacitados que obtuvieron al menos una medalla en competencias de alto rendimiento.<\/p>\n\n\n\n<p class=\"MsoNormal\">El art\u00edculo 67 de la Ley de Cultura F\u00edsica y Deporte para el Estado de Oaxaca establece que los atletas paral\u00edmpicos nacidos en Oaxaca que hayan ganado una medalla en competencias internacionales tendr\u00e1n derecho a un reconocimiento econ\u00f3mico vitalicio.<\/p>\n\n\n\n<p class=\"MsoNormal\">Sin embargo, hasta el momento ninguno de los atletas ha recibido este apoyo, indic\u00f3 el atleta medallista en Se\u00fal 88, Jos\u00e9 Manuel R\u00edos Casas, quien agreg\u00f3 que dicha omisi\u00f3n ha causado afectaciones en considerables en el desarrollo pleno de los atletas y trasgrede su derecho a la alimentaci\u00f3n y al desarrollo de su proyecto de vida.<\/p>\n\n\n\n<p class=\"MsoNormal\">Para poder solventar sus gastos algunos deportistas con discapacidad buscan ayuda econ\u00f3mica de la poblaci\u00f3n en el empleo informal, como es cantar en la v\u00eda p\u00fablica o camiones.<\/p>\n\n\n\n<p class=\"MsoNormal\">Los afectados, quienes en distintas ocasiones se han manifestado para denunciar esta omisi\u00f3n, solicitan es esta ocasi\u00f3n la intervenci\u00f3n del presidente del Tribunal Superior de Justicia de Oaxaca, el magistrado Eduardo Pinacho S\u00e1nchez, para dar soluci\u00f3n lo antes posible a este conflicto.<\/p>\n","protected":false},"excerpt":{"rendered":"<p>Yuridiana Sosa\/Zona Roja.&nbsp; Oaxaca de Ju\u00e1rez, Oax., 24 de enero de 2020.- Por la omisi\u00f3n&hellip;<\/p>\n","protected":false},"author":2,"featured_media":8009,"comment_status":"closed","ping_status":"open","sticky":false,"template":"","format":"standard","meta":{"_lmt_disableupdate":"","_lmt_disable":"","_jetpack_memberships_contains_paid_content":false,"footnotes":""},"categories":[109,47],"tags":[],"class_list":["post-8010","post","type-post","status-publish","format-standard","has-post-thumbnail","hentry","category-minuto-a-minuto","category-zona-gris"],"jetpack_featured_media_url":"https:\/\/zonaroja.com.mx\/wp-content\/uploads\/2020\/01\/img_1843.jpg","jetpack_sharing_enabled":true,"_links":{"self":[{"href":"https:\/\/zonaroja.com.mx\/index.php?rest_route=\/wp\/v2\/posts\/8010","targetHints":{"allow":["GET"]}}],"collection":[{"href":"https:\/\/zonaroja.com.mx\/index.php?rest_route=\/wp\/v2\/posts"}],"about":[{"href":"https:\/\/zonaroja.com.mx\/index.php?rest_route=\/wp\/v2\/types\/post"}],"author":[{"embeddable":true,"href":"https:\/\/zonaroja.com.mx\/index.php?rest_route=\/wp\/v2\/users\/2"}],"replies":[{"embeddable":true,"href":"https:\/\/zonaroja.com.mx\/index.php?rest_route=%2Fwp%2Fv2%2Fcomments&post=8010"}],"version-history":[{"count":1,"href":"https:\/\/zonaroja.com.mx\/index.php?rest_route=\/wp\/v2\/posts\/8010\/revisions"}],"predecessor-version":[{"id":8011,"href":"https:\/\/zonaroja.com.mx\/index.php?rest_route=\/wp\/v2\/posts\/8010\/revisions\/8011"}],"wp:featuredmedia":[{"embeddable":true,"href":"https:\/\/zonaroja.com.mx\/index.php?rest_route=\/wp\/v2\/media\/8009"}],"wp:attachment":[{"href":"https:\/\/zonaroja.com.mx\/index.php?rest_route=%2Fwp%2Fv2%2Fmedia&parent=8010"}],"wp:term":[{"taxonomy":"category","embeddable":true,"href":"https:\/\/zonaroja.com.mx\/index.php?rest_route=%2Fwp%2Fv2%2Fcategories&post=8010"},{"taxonomy":"post_tag","embeddable":true,"href":"https:\/\/zonaroja.com.mx\/index.php?rest_route=%2Fwp%2Fv2%2Ftags&post=8010"}],"curies":[{"name":"wp","href":"https:\/\/api.w.org\/{rel}","templated":true}]}}