{"id":80103,"date":"2025-05-08T09:29:00","date_gmt":"2025-05-08T15:29:00","guid":{"rendered":"https:\/\/zonaroja.com.mx\/?p=80103"},"modified":"2025-05-08T07:58:40","modified_gmt":"2025-05-08T13:58:40","slug":"detienen-a-ex-diputado-por-despojo-de-un-predio-en-el-centro-de-oaxaca","status":"publish","type":"post","link":"https:\/\/zonaroja.com.mx\/?p=80103","title":{"rendered":"Detienen a ex diputado por despojo de un predio en el centro de Oaxaca"},"content":{"rendered":"\n<p>Redacci\u00f3n\/Zona Roja.<\/p>\n\n\n\n<p>Oaxaca de Ju\u00e1rez, Oax., a 8 de mayo de 2025.- Tom\u00e1s Jos\u00e9 Luis V. L., quien fuera diputado local en la LX Legislatura, fue detenido por la Fiscal\u00eda General del Estado de Oaxaca, acusado de apoderarse ilegalmente de un inmueble en el Centro Hist\u00f3rico de la capital.<\/p>\n\n\n\n<p>Al imputado, vinculado ayer a proceso, se le acusa del delito de uso de documento falso el cual fue utilizado para simular la adquisici\u00f3n legal de una propiedad.<\/p>\n\n\n\n<p>En un comunicado, la Fiscal\u00eda detall\u00f3 que, conforme a las investigaciones del expediente penal del caso, los hechos ocurrieron el 29 de junio de 2018, cuando el aprehendido emple\u00f3 una firma falsa ante un notario p\u00fablico para protocolizar y registrar un contrato de donaci\u00f3n de una casa ubicada en la segunda calle de Reforma, en la colonia Centro de Oaxaca de Ju\u00e1rez.<\/p>\n\n\n\n<p>El acto protocolario de esta donaci\u00f3n fue celebrado por una parte, el imputado con las iniciales T.J.L.V.L. o T.J.V.L., como donatario y, por otra parte, una segunda persona, identificada como M.C.C., que fungi\u00f3 como donador.<\/p>\n\n\n\n<p>La investigaci\u00f3n detalla que, dicho instrumento notarial fue utilizado por T.J.L.V.L. o T.J.V.L., ante la Unidad de Catastro del municipio de Oaxaca de Ju\u00e1rez para efectuar los tr\u00e1mites del traslado de dominio total de la citada propiedad.<\/p>\n\n\n\n<p>Derivado de la denuncia interpuesta ante la FGEO, se iniciaron los trabajos correspondientes a trav\u00e9s de la Vicefiscal\u00eda Regional de Valles Centrales que orden\u00f3 las labores periciales para la verificaci\u00f3n grafol\u00f3gica y la validez de los documentos, estudios cient\u00edficos cuyos resultados permitieron dictaminar que la firma de T.J.L.V.L. o T.J.V.L. era ap\u00f3crifa, por lo que todo el proceso quedar\u00eda sin efecto, causando un perjuicio patrimonial a D.C.H.C.<\/p>\n\n\n\n<p>Lo anterior, hizo posible la obtenci\u00f3n de una orden de aprehensi\u00f3n obsequiada por un juez de control, lo cual permiti\u00f3 la detenci\u00f3n legal del hoy imputado quien fue puesto a disposici\u00f3n de la autoridad competente.<\/p>\n\n\n\n<p>Una vez que el juez valor\u00f3 las pruebas aportadas por la FGEO, dict\u00f3 auto de vinculaci\u00f3n a proceso en contra de T.J.L.V.L. o T.J.V.L., e impuso la medida cautelar correspondiente, otorgando cuatro meses para el cierre de la investigaci\u00f3n complementaria.<\/p>\n\n\n\n<p>MUJER SENTENCIADA<\/p>\n\n\n\n<p>En otro caso, la Fiscal\u00eda General obtuvo sentencia condenatoria de 12 a\u00f1os de prisi\u00f3n en contra de una mujer identificada como G.R.C., responsable por la comisi\u00f3n del delito de homicidio simple, ocurrido en la regi\u00f3n de la Sierra de Flores Mag\u00f3n.<\/p>\n\n\n\n<p>De acuerdo con lo establecido en la causa penal, los hechos se suscitaron el 17 de mayo de 2022, cuando la v\u00edctima, un hombre identificado como P.B.M., se encontraba en un domicilio ubicado en el municipio de Huautla de Jim\u00e9nez, lugar donde la sentenciada lo agredi\u00f3 a golpes infligiendo lesiones que lo privaron de la vida.<\/p>\n\n\n\n<p>Ante los hechos, la Instituci\u00f3n de procuraci\u00f3n de justicia inici\u00f3 una exhaustiva investigaci\u00f3n -a trav\u00e9s de la Vicefiscal\u00eda General de Control Regional-, logrando aprehender y presentar a G.R.C., ante el Juez de la causa.<\/p>\n\n\n\n<p>En audiencia y tras el desahogo de pruebas aportadas por la FGEO, el Juez dict\u00f3 sentencia condenatoria contra G.R.C., por el delito de homicidio simple e impuso la pena de 12 a\u00f1os de prisi\u00f3n, adem\u00e1s del pago de m\u00e1s de 480 mil pesos por concepto de reparaci\u00f3n del da\u00f1o.<\/p>\n","protected":false},"excerpt":{"rendered":"<p>Redacci\u00f3n\/Zona Roja. Oaxaca de Ju\u00e1rez, Oax., a 8 de mayo de 2025.- Tom\u00e1s Jos\u00e9 Luis&hellip;<\/p>\n","protected":false},"author":2,"featured_media":80104,"comment_status":"closed","ping_status":"open","sticky":false,"template":"","format":"standard","meta":{"_lmt_disableupdate":"","_lmt_disable":"","_jetpack_memberships_contains_paid_content":false,"footnotes":""},"categories":[109,46],"tags":[494],"class_list":["post-80103","post","type-post","status-publish","format-standard","has-post-thumbnail","hentry","category-minuto-a-minuto","category-zona-blanca","tag-fiscalia-general-del-estado-de-oaxaca"],"jetpack_featured_media_url":"https:\/\/zonaroja.com.mx\/wp-content\/uploads\/2025\/05\/Tomas-Jose-Luis-Varelas-Lagunas.jpg","jetpack_sharing_enabled":true,"_links":{"self":[{"href":"https:\/\/zonaroja.com.mx\/index.php?rest_route=\/wp\/v2\/posts\/80103","targetHints":{"allow":["GET"]}}],"collection":[{"href":"https:\/\/zonaroja.com.mx\/index.php?rest_route=\/wp\/v2\/posts"}],"about":[{"href":"https:\/\/zonaroja.com.mx\/index.php?rest_route=\/wp\/v2\/types\/post"}],"author":[{"embeddable":true,"href":"https:\/\/zonaroja.com.mx\/index.php?rest_route=\/wp\/v2\/users\/2"}],"replies":[{"embeddable":true,"href":"https:\/\/zonaroja.com.mx\/index.php?rest_route=%2Fwp%2Fv2%2Fcomments&post=80103"}],"version-history":[{"count":1,"href":"https:\/\/zonaroja.com.mx\/index.php?rest_route=\/wp\/v2\/posts\/80103\/revisions"}],"predecessor-version":[{"id":80105,"href":"https:\/\/zonaroja.com.mx\/index.php?rest_route=\/wp\/v2\/posts\/80103\/revisions\/80105"}],"wp:featuredmedia":[{"embeddable":true,"href":"https:\/\/zonaroja.com.mx\/index.php?rest_route=\/wp\/v2\/media\/80104"}],"wp:attachment":[{"href":"https:\/\/zonaroja.com.mx\/index.php?rest_route=%2Fwp%2Fv2%2Fmedia&parent=80103"}],"wp:term":[{"taxonomy":"category","embeddable":true,"href":"https:\/\/zonaroja.com.mx\/index.php?rest_route=%2Fwp%2Fv2%2Fcategories&post=80103"},{"taxonomy":"post_tag","embeddable":true,"href":"https:\/\/zonaroja.com.mx\/index.php?rest_route=%2Fwp%2Fv2%2Ftags&post=80103"}],"curies":[{"name":"wp","href":"https:\/\/api.w.org\/{rel}","templated":true}]}}