{"id":80106,"date":"2025-05-08T08:40:00","date_gmt":"2025-05-08T14:40:00","guid":{"rendered":"https:\/\/zonaroja.com.mx\/?p=80106"},"modified":"2025-05-08T08:43:54","modified_gmt":"2025-05-08T14:43:54","slug":"sentencian-a-los-asesinos-de-reportero-en-salina-cruz-oaxaca","status":"publish","type":"post","link":"https:\/\/zonaroja.com.mx\/?p=80106","title":{"rendered":"Sentencian a los asesinos de reportero en Salina Cruz, Oaxaca"},"content":{"rendered":"\n<p>Raymundo Morales\/Zona Roja.<\/p>\n\n\n\n<p>Oaxaca de Ju\u00e1rez, Oax., a 8 de mayo de 2025.- Un tribunal federal determin\u00f3 ayer la sentencia a los dos asesinos del periodista H\u00e9ber L\u00f3pez, ultimado el 10 de febrero de 2022 en el municipio de Salina Cruz.<\/p>\n\n\n\n<p>Ricardo E. C. y Ricardo G. R., autores materiales del homicidio, recibieron una condena de 35 y 40 a\u00f1os de prisi\u00f3n, respectivamente.<\/p>\n\n\n\n<p>H\u00e9ber L\u00f3pez fue atacado a balazos en su estudio de grabaci\u00f3n en avenida Manuel \u00c1vila Camacho del Barrio Espinal, donde se encontraba con su hijo menor de edad, por dos individuos, que huyeron.<\/p>\n\n\n\n<p>Fueron perseguidos por elementos de la polic\u00eda municipal de Salina Cruz, hasta darles alcance en Barrio Nuevo, donde intentaron ingresar a un domicilio; sin embargo, fueron detenidos y entregados a la Agencia Estatal de Investigaci\u00f3n (AEI)para su detenci\u00f3n y posteriormente ingresados al penal de Santo Domingo Tehuantepec.&nbsp;<\/p>\n\n\n\n<p>Despu\u00e9s de tres a\u00f1os de proceso fue hasta este mi\u00e9rcoles 7 de mayo cuando la Jueza del Centro de Justicia federal Guadalupe Patricia Ju\u00e1rez Hern\u00e1ndez dict\u00f3 sentencia por el homicidio calificado en contra de Heber L\u00f3pez V\u00e1squez, tras el trabajo de la Fiscal\u00eda Especial para la Atenci\u00f3n a Delitos contra la Libertad de Expresi\u00f3n (FEADLE).<\/p>\n\n\n\n<p>Se\u00f1alan que Ricardo E. C. es hermano de Arminda Espinosa Cartas quien en ese entonces buscaba &nbsp;ser agente municipal de la Salinas del Marqu\u00e9s, y reelegirse nuevamente el cargo que hab\u00eda tenido desde 2019-2021 y a quien el comunicador &nbsp;se\u00f1alaba de malos manejos de recursos durante su administraci\u00f3n en dicha agencia.&nbsp;<\/p>\n","protected":false},"excerpt":{"rendered":"<p>Raymundo Morales\/Zona Roja. Oaxaca de Ju\u00e1rez, Oax., a 8 de mayo de 2025.- Un tribunal&hellip;<\/p>\n","protected":false},"author":2,"featured_media":80107,"comment_status":"closed","ping_status":"open","sticky":false,"template":"","format":"standard","meta":{"_lmt_disableupdate":"","_lmt_disable":"","_jetpack_memberships_contains_paid_content":false,"footnotes":""},"categories":[109,46],"tags":[3029],"class_list":["post-80106","post","type-post","status-publish","format-standard","has-post-thumbnail","hentry","category-minuto-a-minuto","category-zona-blanca","tag-heber-lopez-vasquez"],"jetpack_featured_media_url":"https:\/\/zonaroja.com.mx\/wp-content\/uploads\/2025\/05\/Heber-Lopez-Salina-Cruz.jpg","jetpack_sharing_enabled":true,"_links":{"self":[{"href":"https:\/\/zonaroja.com.mx\/index.php?rest_route=\/wp\/v2\/posts\/80106","targetHints":{"allow":["GET"]}}],"collection":[{"href":"https:\/\/zonaroja.com.mx\/index.php?rest_route=\/wp\/v2\/posts"}],"about":[{"href":"https:\/\/zonaroja.com.mx\/index.php?rest_route=\/wp\/v2\/types\/post"}],"author":[{"embeddable":true,"href":"https:\/\/zonaroja.com.mx\/index.php?rest_route=\/wp\/v2\/users\/2"}],"replies":[{"embeddable":true,"href":"https:\/\/zonaroja.com.mx\/index.php?rest_route=%2Fwp%2Fv2%2Fcomments&post=80106"}],"version-history":[{"count":1,"href":"https:\/\/zonaroja.com.mx\/index.php?rest_route=\/wp\/v2\/posts\/80106\/revisions"}],"predecessor-version":[{"id":80108,"href":"https:\/\/zonaroja.com.mx\/index.php?rest_route=\/wp\/v2\/posts\/80106\/revisions\/80108"}],"wp:featuredmedia":[{"embeddable":true,"href":"https:\/\/zonaroja.com.mx\/index.php?rest_route=\/wp\/v2\/media\/80107"}],"wp:attachment":[{"href":"https:\/\/zonaroja.com.mx\/index.php?rest_route=%2Fwp%2Fv2%2Fmedia&parent=80106"}],"wp:term":[{"taxonomy":"category","embeddable":true,"href":"https:\/\/zonaroja.com.mx\/index.php?rest_route=%2Fwp%2Fv2%2Fcategories&post=80106"},{"taxonomy":"post_tag","embeddable":true,"href":"https:\/\/zonaroja.com.mx\/index.php?rest_route=%2Fwp%2Fv2%2Ftags&post=80106"}],"curies":[{"name":"wp","href":"https:\/\/api.w.org\/{rel}","templated":true}]}}