{"id":80109,"date":"2025-05-08T10:49:00","date_gmt":"2025-05-08T16:49:00","guid":{"rendered":"https:\/\/zonaroja.com.mx\/?p=80109"},"modified":"2025-05-08T17:00:24","modified_gmt":"2025-05-08T23:00:24","slug":"del-edomex-y-de-la-cdmx-secuestradores-de-la-mixteca-hay-3-detenidos","status":"publish","type":"post","link":"https:\/\/zonaroja.com.mx\/?p=80109","title":{"rendered":"Caso Teposcolula: garantiza fiscal que no habr\u00e1 impunidad; apoya a deudos de agente ca\u00eddo"},"content":{"rendered":"\n<p>Ismael Garc\u00eda M.\/Zona Roja.&nbsp;<\/p>\n\n\n\n<p>Oaxaca de Ju\u00e1rez a 08&nbsp; de mayo de 2025.-  \u201cExterno mis m\u00e1s sinceras condolencias a sus familiares y seres queridos, adem\u00e1s de refrendar nuestro compromiso para brindar el acompa\u00f1amiento necesario, ya que nuestro compa\u00f1ero perdi\u00f3 la vida combatiendo a un grupo delictivo que operaba en la regi\u00f3n de la Mixteca, labores que permitieron la detenci\u00f3n de tres de los agresores\u201d.<\/p>\n\n\n\n<p>Lo anterior lo expres\u00f3 el fiscal de Oaxaca, Bernardo Rodr\u00edguez Alamilla, al garantizar que no habr\u00e1 impunidad con el caso de los tres presuntos delincuentes detenidos anoche, adem\u00e1s de reiterar todo el apoyo a familiares del agente muerto en cumplimiento de su deber y del elemento lesionado. <\/p>\n\n\n\n<p>La Fiscal\u00eda General del Estado de Oaxaca (FGEO) confirm\u00f3 el rescate de una persona secuestrada en San Pedro y San Pablo Teposcolula, hecho en que perdi\u00f3 la vida un agente ministerial en el cumplimiento de su deber; otro m\u00e1s result\u00f3 lesionado.<\/p>\n\n\n\n<p>En un comunicado de prensa, dio a conocer que los presuntos delincuentes eran originarios del Estado de M\u00e9xico y de la Ciudad de M\u00e9xico, tres de los cuales fueron aprehendidos.<\/p>\n\n\n\n<p>Detall\u00f3 que la noche del mi\u00e9rcoles 7 de mayo de 2025, la Fiscal\u00eda recibi\u00f3 el reporte sobre la comisi\u00f3n del secuestro de una persona del sexo masculino, quien fue privado ilegalmente de la libertad en el municipio de San Miguel El Grande.<\/p>\n\n\n\n<p>De manera inmediata, despleg\u00f3 un operativo en la comunidad y las poblaciones aleda\u00f1as, acciones encabezadas por elementos de la Agencia Estatal de Investigaciones (AEI) que trabajaron en coordinaci\u00f3n con la Polic\u00eda Vial.<\/p>\n\n\n\n<p>Al realizar estas acciones en San Pedro y San Pablo Teposcolula, identificaron un veh\u00edculo que trat\u00f3 de evadir un filtro de seguridad por lo que emprendieron la persecuci\u00f3n hasta llegar al cruce de las calles de Hidalgo y Francisco I. Madero donde los interceptaron elementos de la AEI que frenaron la huida.<\/p>\n\n\n\n<p>En ese momento, los secuestradores abrieron fuego contra los Agentes Investigadores que repelieron la agresi\u00f3n, logrando el rescate con vida de la v\u00edctima.<\/p>\n\n\n\n<p>Mientras que, derivado de este ataque en el operativo de rescate, un elemento de la AEI perdi\u00f3 la vida, se trata de I.J.A.R. (Isa\u00ed Jos\u00e9) con n\u00famero de placa 653, en tanto que, otro agente result\u00f3 lesionado y fue trasladado para su atenci\u00f3n m\u00e9dica.<\/p>\n\n\n\n<p>Adem\u00e1s, tres personas del sexo masculino originarios de la Ciudad de M\u00e9xico y del Estado de M\u00e9xico, fueron detenidas por su participaci\u00f3n en la comisi\u00f3n de los delitos de secuestro, homicidio y lesiones, a quienes aseguraron armas largas de uso exclusivo del Ej\u00e9rcito, por lo que quedaron a disposici\u00f3n de la autoridad correspondientes.<\/p>\n\n\n\n<p>La Fiscal\u00eda General del Estado de Oaxaca reconoce la valent\u00eda y compromiso de I.J.A.R., comandante de la AEI con n\u00famero de placa 653, quien perdi\u00f3 la vida en el cumplimiento de su deber, as\u00ed como de L.A.F.B., n\u00famero de placa 118, quien result\u00f3 lesionado en el operativo en el que se logr\u00f3 la liberaci\u00f3n de la v\u00edctima.&nbsp;<\/p>\n\n\n\n<figure class=\"wp-block-embed is-type-rich is-provider-twitter wp-block-embed-twitter\"><div class=\"wp-block-embed__wrapper\">\n<div class=\"twitter-tweet\"><blockquote class=\"twitter-tweet\" data-lang=\"es\"><p lang=\"es\" dir=\"ltr\">La noche de este mi\u00e9rcoles 7 de mayo, durante un operativo implementado en San Pedro y San Pablo Teposcolula, compa\u00f1eros de la Agencia Estatal de Investigaciones fueron agredidos con armas de fuego, quienes repelieron el ataque, acci\u00f3n heroica con la que evitaron el secuestro de\u2026 <a href=\"https:\/\/t.co\/4ZojqgOII7\">pic.twitter.com\/4ZojqgOII7<\/a><\/p>&mdash; Bernardo Rodr\u00edguez Alamilla (@FiscalOaxaca) <a href=\"https:\/\/twitter.com\/FiscalOaxaca\/status\/1920489509524783249?ref_src=twsrc%5Etfw\">8 de mayo de 2025<\/a><\/blockquote><\/div>\n<\/div><\/figure>\n","protected":false},"excerpt":{"rendered":"<p>Ismael Garc\u00eda M.\/Zona Roja.&nbsp; Oaxaca de Ju\u00e1rez a 08&nbsp; de mayo de 2025.- \u201cExterno mis&hellip;<\/p>\n","protected":false},"author":2,"featured_media":80124,"comment_status":"closed","ping_status":"open","sticky":false,"template":"","format":"standard","meta":{"_lmt_disableupdate":"","_lmt_disable":"","_jetpack_memberships_contains_paid_content":false,"footnotes":""},"categories":[109,46],"tags":[494],"class_list":["post-80109","post","type-post","status-publish","format-standard","has-post-thumbnail","hentry","category-minuto-a-minuto","category-zona-blanca","tag-fiscalia-general-del-estado-de-oaxaca"],"jetpack_featured_media_url":"https:\/\/zonaroja.com.mx\/wp-content\/uploads\/2025\/05\/373fdd95-8398-4179-b656-5b2b5051c897-1.jpg","jetpack_sharing_enabled":true,"_links":{"self":[{"href":"https:\/\/zonaroja.com.mx\/index.php?rest_route=\/wp\/v2\/posts\/80109","targetHints":{"allow":["GET"]}}],"collection":[{"href":"https:\/\/zonaroja.com.mx\/index.php?rest_route=\/wp\/v2\/posts"}],"about":[{"href":"https:\/\/zonaroja.com.mx\/index.php?rest_route=\/wp\/v2\/types\/post"}],"author":[{"embeddable":true,"href":"https:\/\/zonaroja.com.mx\/index.php?rest_route=\/wp\/v2\/users\/2"}],"replies":[{"embeddable":true,"href":"https:\/\/zonaroja.com.mx\/index.php?rest_route=%2Fwp%2Fv2%2Fcomments&post=80109"}],"version-history":[{"count":3,"href":"https:\/\/zonaroja.com.mx\/index.php?rest_route=\/wp\/v2\/posts\/80109\/revisions"}],"predecessor-version":[{"id":80123,"href":"https:\/\/zonaroja.com.mx\/index.php?rest_route=\/wp\/v2\/posts\/80109\/revisions\/80123"}],"wp:featuredmedia":[{"embeddable":true,"href":"https:\/\/zonaroja.com.mx\/index.php?rest_route=\/wp\/v2\/media\/80124"}],"wp:attachment":[{"href":"https:\/\/zonaroja.com.mx\/index.php?rest_route=%2Fwp%2Fv2%2Fmedia&parent=80109"}],"wp:term":[{"taxonomy":"category","embeddable":true,"href":"https:\/\/zonaroja.com.mx\/index.php?rest_route=%2Fwp%2Fv2%2Fcategories&post=80109"},{"taxonomy":"post_tag","embeddable":true,"href":"https:\/\/zonaroja.com.mx\/index.php?rest_route=%2Fwp%2Fv2%2Ftags&post=80109"}],"curies":[{"name":"wp","href":"https:\/\/api.w.org\/{rel}","templated":true}]}}