{"id":80113,"date":"2025-05-08T10:00:00","date_gmt":"2025-05-08T16:00:00","guid":{"rendered":"https:\/\/zonaroja.com.mx\/?p=80113"},"modified":"2025-05-08T09:01:34","modified_gmt":"2025-05-08T15:01:34","slug":"oaxaqueno-ultramaratonista-de-ciclismo-visito-juchitan","status":"publish","type":"post","link":"https:\/\/zonaroja.com.mx\/?p=80113","title":{"rendered":"Oaxaque\u00f1o ultramaratonista de ciclismo visit\u00f3 Juchit\u00e1n"},"content":{"rendered":"\n<p>Redacci\u00f3n\/Cortamortaja<\/p>\n\n\n\n<p>Oaxaca de Ju\u00e1rez, Oax., a 8 de mayo de 2025.- El reconocido ultramaratonista ocotleco Abraham Gonz\u00e1lez Ruiz, visit\u00f3 la ciudad de Juchit\u00e1n de Zaragoza, el fin de semana, para reunirse con grupo de amigos que desde sus inicios lo han estado apoyando en retos donde pedalea por varios d\u00edas y noches enteras, mostrando su agradecimiento y compromiso de seguir respaldando con primeros lugares la solidaridad que hacia \u00e9l han tenido.<\/p>\n\n\n\n<p>\u201cDesde ni\u00f1o y gracias al ejemplo de mi padre, hice deporte, practiqu\u00e9 el b\u00e1squetbol y el futbol, siendo en el 2020 que por la Pandemia del Covid, incursion\u00e9 en el ciclismo y vaya que me acopl\u00e9 perfectamente y a cinco a\u00f1os ya he podido vivir experiencias en justas nacionales e internacionales, siempre con el objetivo de estar figurando entre los primeros, afortunadamente lo he logrado y las invitaciones para correr en otros pa\u00edses me siguen llegando\u201d explay\u00f3 el deportista nacido en Ocotl\u00e1n de Morelos, Oaxaca.<\/p>\n\n\n\n<p>La Cirujana Dentista Isabela L\u00f3pez Jim\u00e9nez de la Cl\u00ednica DENTAL LOJI, quien al lado de los propietarios de Servipollo y la Doctora Dani Ramos, le ofreci\u00f3 amena convivencia, mostr\u00f3 su alegr\u00eda por los \u00e9xitos que Abraham Gonz\u00e1lez Ruiz ha tenido, refrendando que continuar\u00e1n incentivando sus participaciones ya que es un muchacho que conquista las metas que se propone a base de mucho esfuerzo y por cierto ya con novia en Juchit\u00e1n donde pronto se espera sea el protagonista como novio en al \u201cMediu Xhiga\u201d.<\/p>\n\n\n\n<p>Es amplia ya la gama de triunfos que ha tenido el pedalista que conquist\u00f3 el coraz\u00f3n de una paisana juchiteca desde hace dos a\u00f1os, siempre entre los primeros lugares ha destacado en nacionales de 250 km de Pikota, Pared\u00f3n Coahuila, Chihuahua, Reto Paredes de San Luis Potos\u00ed, Chiapas y el Tpur de Frankie entre muchos m\u00e1s, tambi\u00e9n en Guatemala y espera hacerlo pr\u00f3ximamente en otros continentes.<\/p>\n\n\n\n<p>En su m\u00e1s reciente participaci\u00f3n, Abraham luci\u00f3 pedaleando m\u00e1s de 68 horas en la competencia de \u201cLe Tour de Frankie\u201d, saliendo el 26 de abril a la una de la madrugada y llegando casi tres d\u00edas despu\u00e9s a la meta que fue Puerto Escondido, debiendo pasar por calor, heladas, planos y pendientes, sin asistencia alguna porque ese es el reto, la subsistencia ante adversidades como el clima, administraci\u00f3n del tiempo, desperfectos de la bicicleta, problemas de salud, puesto que no hay asistencia en la modalidad, lo que exalta el alto rendimiento que ostenta.<\/p>\n\n\n\n<p>Sobre sus pr\u00f3ximos eventos, Abraham Gonz\u00e1lez Ruiz dijo que acomodar\u00e1 sus tiempos sin descuidar su trabajo de sustento por las fechas donde tiene invitaci\u00f3n: \u201cChecar\u00e9 las convocatorias, tengo invitaci\u00f3n para Espa\u00f1a, Marruecos, Costa Rica, aparte de los nacionales, por supuesto que deseo ir a todas las competencias, pero me gusta figurar y por ello la planeaci\u00f3n en todo lo que concierne cada justa la preparo junto con mi novia Dani Ramos cuidadosamente\u201d.<\/p>\n","protected":false},"excerpt":{"rendered":"<p>Redacci\u00f3n\/Cortamortaja Oaxaca de Ju\u00e1rez, Oax., a 8 de mayo de 2025.- El reconocido ultramaratonista ocotleco&hellip;<\/p>\n","protected":false},"author":2,"featured_media":80114,"comment_status":"closed","ping_status":"open","sticky":false,"template":"","format":"standard","meta":{"_lmt_disableupdate":"","_lmt_disable":"","_jetpack_memberships_contains_paid_content":false,"footnotes":""},"categories":[109,46],"tags":[4300],"class_list":["post-80113","post","type-post","status-publish","format-standard","has-post-thumbnail","hentry","category-minuto-a-minuto","category-zona-blanca","tag-abraham-gonzalez-ruiz-ciclista"],"jetpack_featured_media_url":"https:\/\/zonaroja.com.mx\/wp-content\/uploads\/2025\/05\/Ultramaratonista-Juchitan.jpg","jetpack_sharing_enabled":true,"_links":{"self":[{"href":"https:\/\/zonaroja.com.mx\/index.php?rest_route=\/wp\/v2\/posts\/80113","targetHints":{"allow":["GET"]}}],"collection":[{"href":"https:\/\/zonaroja.com.mx\/index.php?rest_route=\/wp\/v2\/posts"}],"about":[{"href":"https:\/\/zonaroja.com.mx\/index.php?rest_route=\/wp\/v2\/types\/post"}],"author":[{"embeddable":true,"href":"https:\/\/zonaroja.com.mx\/index.php?rest_route=\/wp\/v2\/users\/2"}],"replies":[{"embeddable":true,"href":"https:\/\/zonaroja.com.mx\/index.php?rest_route=%2Fwp%2Fv2%2Fcomments&post=80113"}],"version-history":[{"count":1,"href":"https:\/\/zonaroja.com.mx\/index.php?rest_route=\/wp\/v2\/posts\/80113\/revisions"}],"predecessor-version":[{"id":80115,"href":"https:\/\/zonaroja.com.mx\/index.php?rest_route=\/wp\/v2\/posts\/80113\/revisions\/80115"}],"wp:featuredmedia":[{"embeddable":true,"href":"https:\/\/zonaroja.com.mx\/index.php?rest_route=\/wp\/v2\/media\/80114"}],"wp:attachment":[{"href":"https:\/\/zonaroja.com.mx\/index.php?rest_route=%2Fwp%2Fv2%2Fmedia&parent=80113"}],"wp:term":[{"taxonomy":"category","embeddable":true,"href":"https:\/\/zonaroja.com.mx\/index.php?rest_route=%2Fwp%2Fv2%2Fcategories&post=80113"},{"taxonomy":"post_tag","embeddable":true,"href":"https:\/\/zonaroja.com.mx\/index.php?rest_route=%2Fwp%2Fv2%2Ftags&post=80113"}],"curies":[{"name":"wp","href":"https:\/\/api.w.org\/{rel}","templated":true}]}}