{"id":80118,"date":"2025-05-08T12:04:00","date_gmt":"2025-05-08T18:04:00","guid":{"rendered":"https:\/\/zonaroja.com.mx\/?p=80118"},"modified":"2025-05-08T09:05:27","modified_gmt":"2025-05-08T15:05:27","slug":"matan-a-6-en-tabasco-a-2-ninas-en-sinaloa-y-a-2-adultos-en-chiapas","status":"publish","type":"post","link":"https:\/\/zonaroja.com.mx\/?p=80118","title":{"rendered":"Matan a 6 en Tabasco; a 2 ni\u00f1as en Sinaloa y a 2 adultos en Chiapas"},"content":{"rendered":"\n<p>Redacci\u00f3n\/Zona Roja Cdmx.<\/p>\n\n\n\n<p>Ciudad de M\u00e9xico, a 8 de mayo de 2025.- Al menos seis personas fueron asesinadas y una cabeza fue abandonada dentro de una nevera en distintos sucesos ocurridos la tarde de ayer en cuatro puntos del municipio de Centro, con cabecera en Villahermosa.&nbsp;&nbsp;<\/p>\n\n\n\n<p>En la colonia La Manga tercera secci\u00f3n, ubicada a orillas del malec\u00f3n del r\u00edo Grijalva, fueron hallados los cuerpos de dos personas con varios disparos.<\/p>\n\n\n\n<p>Otros dos fallecidos con huellas de haber sido asesinados fueron encontrados semidesnudos en la rancher\u00eda R\u00edo Tinto, tercera secci\u00f3n del municipio de Centro.<\/p>\n\n\n\n<p>En la comunidad Chiquiguao, primera secci\u00f3n, tambi\u00e9n de la misma demarcaci\u00f3n, vecinos reportaron a una pareja muerta.<\/p>\n\n\n\n<p>El caso de la cabeza de una persona dentro de una nevera abandonada, ocurri\u00f3 en la Rancher\u00eda R\u00edo Viejo, primera secci\u00f3n.<\/p>\n\n\n\n<p>EN SINALOA<\/p>\n\n\n\n<p>Dos ni\u00f1as perdieron la vida y cuatro personas resultaron lesionadas (todas integrantes de una familia), tras presuntamente quedar entre el fuego cruzado durante una emboscada de civiles armados contra militares e integrantes de la Guardia Nacional, quienes acompa\u00f1aban a personal de seguridad de la Fiscal\u00eda General del Estado (FGE), para dar fe de la localizaci\u00f3n de tres v\u00edctimas en la zona serrana del municipio de Badiraguato.<\/p>\n\n\n\n<p>El gobernador, Rub\u00e9n Rocha Moya, en conferencia de prensa, confirm\u00f3 los hechos y expres\u00f3 su indignaci\u00f3n por la ola de violencia que padece Sinaloa, sobre todo cuando las v\u00edctimas son menores de edad y anunci\u00f3 que se har\u00e1n las investigaciones pertinentes, \u00abno habr\u00e1 impunidad, habr\u00e1 justicia\u00bb, sentenci\u00f3.<\/p>\n\n\n\n<p>Los hechos se registraron el martes por la tarde en las inmediaciones del poblado de la Cieneguilla, cuando los elementos de la Defensa patrullaban entre los poblados La Lapara y Los Naranjos por la carretera n\u00famero 24 que conduce al municipio de Parral, Chihuahua.<\/p>\n\n\n\n<p>Los nombres de las personas heridas, son Gael de 12 a\u00f1os, Sa\u00fal de 45 a\u00f1os y Anabel de 40 a\u00f1os, hermano y padres de las infantas fallecidas y otra persona no identificada, todos eran integrantes de una familia originaria del pueblo La Juanilla, ubicado a unos 20 kil\u00f3metros del lugar.<\/p>\n\n\n\n<p>EN CHIAPAS<\/p>\n\n\n\n<p>Dos personas fueron asesinadas a balazos en hechos distintos en las \u00faltimas 24 horas en la costa de Chiapas, informaron fuentes de seguridad.&nbsp;<\/p>\n\n\n\n<p>Antenoche un hombre fue atacado por dos sujetos que se desplazaban en motocicleta en el municipio de Huixtla. La v\u00edctima recibi\u00f3 al menos 11 disparos de acuerdo con los casquillos encontrados en la escena del crimen.&nbsp;<\/p>\n\n\n\n<p>El hecho violento se registr\u00f3 en la colonia Ca\u00f1averal, donde vecinos identificaron al occiso como Juan Carlos \u201cN\u201d y dijeron que era un presunto asaltante.&nbsp;<\/p>\n\n\n\n<p>El segundo crimen ocurri\u00f3 esta ma\u00f1ana en el municipio de Mapastepec, tambi\u00e9n en la regi\u00f3n costera de la entidad, donde fue localizado el cuerpo sin vida de una persona.&nbsp;<\/p>\n\n\n\n<p>El cad\u00e1ver fue encontrado en un camino de tierra que comunica al Ejido Francisco Sarabia. De acuerdo con reportes de la polic\u00eda, se trataba de un masculino que ten\u00eda una de las manos cercenada. El cuerpo fue llevado al Servicio M\u00e9dico Forense en calidad de desconocido.&nbsp;<\/p>\n\n\n\n<p>(Informaci\u00f3n de \u201cLa Jornada\u201d)<\/p>\n","protected":false},"excerpt":{"rendered":"<p>Redacci\u00f3n\/Zona Roja Cdmx. Ciudad de M\u00e9xico, a 8 de mayo de 2025.- Al menos seis&hellip;<\/p>\n","protected":false},"author":2,"featured_media":68719,"comment_status":"closed","ping_status":"open","sticky":false,"template":"","format":"standard","meta":{"_lmt_disableupdate":"","_lmt_disable":"","_jetpack_memberships_contains_paid_content":false,"footnotes":""},"categories":[109,47],"tags":[1789],"class_list":["post-80118","post","type-post","status-publish","format-standard","has-post-thumbnail","hentry","category-minuto-a-minuto","category-zona-gris","tag-enfrentamientos-sinaloa"],"jetpack_featured_media_url":"https:\/\/zonaroja.com.mx\/wp-content\/uploads\/2024\/05\/Escena-crimen-homicidio.jpg","jetpack_sharing_enabled":true,"_links":{"self":[{"href":"https:\/\/zonaroja.com.mx\/index.php?rest_route=\/wp\/v2\/posts\/80118","targetHints":{"allow":["GET"]}}],"collection":[{"href":"https:\/\/zonaroja.com.mx\/index.php?rest_route=\/wp\/v2\/posts"}],"about":[{"href":"https:\/\/zonaroja.com.mx\/index.php?rest_route=\/wp\/v2\/types\/post"}],"author":[{"embeddable":true,"href":"https:\/\/zonaroja.com.mx\/index.php?rest_route=\/wp\/v2\/users\/2"}],"replies":[{"embeddable":true,"href":"https:\/\/zonaroja.com.mx\/index.php?rest_route=%2Fwp%2Fv2%2Fcomments&post=80118"}],"version-history":[{"count":1,"href":"https:\/\/zonaroja.com.mx\/index.php?rest_route=\/wp\/v2\/posts\/80118\/revisions"}],"predecessor-version":[{"id":80119,"href":"https:\/\/zonaroja.com.mx\/index.php?rest_route=\/wp\/v2\/posts\/80118\/revisions\/80119"}],"wp:featuredmedia":[{"embeddable":true,"href":"https:\/\/zonaroja.com.mx\/index.php?rest_route=\/wp\/v2\/media\/68719"}],"wp:attachment":[{"href":"https:\/\/zonaroja.com.mx\/index.php?rest_route=%2Fwp%2Fv2%2Fmedia&parent=80118"}],"wp:term":[{"taxonomy":"category","embeddable":true,"href":"https:\/\/zonaroja.com.mx\/index.php?rest_route=%2Fwp%2Fv2%2Fcategories&post=80118"},{"taxonomy":"post_tag","embeddable":true,"href":"https:\/\/zonaroja.com.mx\/index.php?rest_route=%2Fwp%2Fv2%2Ftags&post=80118"}],"curies":[{"name":"wp","href":"https:\/\/api.w.org\/{rel}","templated":true}]}}