{"id":8012,"date":"2020-01-24T15:09:31","date_gmt":"2020-01-24T21:09:31","guid":{"rendered":"https:\/\/www.zonaroja.com.mx\/?p=8012"},"modified":"2020-01-24T15:09:33","modified_gmt":"2020-01-24T21:09:33","slug":"liberacion-provisional-para-edil-de-ayotzintepec-segego-sin-facultades-para-demandas","status":"publish","type":"post","link":"https:\/\/zonaroja.com.mx\/?p=8012","title":{"rendered":"Liberaci\u00f3n \u201cprovisional\u201d para edil de Ayotzintepec; Segego sin facultades para demandas\u00a0"},"content":{"rendered":"\n<p class=\"MsoNormal\">Yuridiana Sosa\/Zona Roja.<\/p>\n\n\n\n<p class=\"MsoNormal\">Oaxaca de Ju\u00e1rez, Oax., 24 de enero de 2020.-&nbsp; El presidente municipal de Ayotzintepec, V\u00edctor Mendoza Velasco, y los funcionarios regionales en la Cuenca del Papaloapan de la Secretar\u00eda General de Gobieno (Segego), fueron liberados por la poblaci\u00f3n inconforme, sin embargo, el conflicto a\u00fan no concluye.<\/p>\n\n\n\n<p class=\"MsoNormal\">Durante su comparecencia ante el Congreso del Estado, el secretario General de Gobierno, H\u00e9ctor Anuar Mafud Mafud, se\u00f1al\u00f3 que el edil de Ayotzintepec se presentar\u00e1 junto con una comisi\u00f3n de pobladores a una reuni\u00f3n programada para&nbsp;<a href=\"\/\/1\">este viernes<\/a>&nbsp;en la capital del estado.<\/p>\n\n\n\n<p class=\"MsoNormal\">Pero, apunt\u00f3 que la Segego no cuenta con las facultades para cumplir con una de las demandas de la poblaci\u00f3n molesta con el mandato de Mendoza Velasco, que es la destituci\u00f3n del Ayuntamiento, lo cual es una facultad del Congreso del Estado.<\/p>\n\n\n\n<p class=\"MsoNormal\">V\u00edctor Mendoza fue retenido por la poblaci\u00f3n en los separos municipales desde el pasado domingo 19 de enero, durante una asamblea comunitaria donde inform\u00f3 que retomar\u00eda sus funciones luego de tres meses de ausencia y de que su suplente fungiera como responsable de despacho.<\/p>\n\n\n\n<p class=\"MsoNormal\">Enardecidos por la actitud del edil, quien contaba con una resoluci\u00f3n del Tribunal Estatal Electoral que rechaz\u00f3 la solicitud del Congreso Estatal para su cambio, la poblaci\u00f3n e integrantes de su Cabildo lo aprehendieron, junto con 18 personas m\u00e1s.<\/p>\n\n\n\n<p class=\"MsoNormal\">El pasado mi\u00e9rcoles, en busca de destrabar el problema, dos funcionarios de la Segego fueron retenidos y liberados hasta la noche de&nbsp;<a href=\"\/\/4\">este jueves<\/a>, tras concretarse una reuni\u00f3n en Oaxaca con el titular de la secretar\u00eda General de Gobierno.<\/p>\n\n\n\n<p class=\"MsoNormal\">Anuar Mafud inform\u00f3 que el edil fue liberado para poder asistir a la reuni\u00f3n de esta noche, pero el problema contin\u00faa.&nbsp;<\/p>\n","protected":false},"excerpt":{"rendered":"<p>Yuridiana Sosa\/Zona Roja. Oaxaca de Ju\u00e1rez, Oax., 24 de enero de 2020.-&nbsp; El presidente municipal&hellip;<\/p>\n","protected":false},"author":2,"featured_media":7877,"comment_status":"closed","ping_status":"open","sticky":false,"template":"","format":"standard","meta":{"_lmt_disableupdate":"","_lmt_disable":"","_jetpack_memberships_contains_paid_content":false,"footnotes":""},"categories":[109,47],"tags":[1301],"class_list":["post-8012","post","type-post","status-publish","format-standard","has-post-thumbnail","hentry","category-minuto-a-minuto","category-zona-gris","tag-ayotzintepec"],"jetpack_featured_media_url":"https:\/\/zonaroja.com.mx\/wp-content\/uploads\/2020\/01\/Retenidos-Ayotzintepec.jpg","jetpack_sharing_enabled":true,"_links":{"self":[{"href":"https:\/\/zonaroja.com.mx\/index.php?rest_route=\/wp\/v2\/posts\/8012","targetHints":{"allow":["GET"]}}],"collection":[{"href":"https:\/\/zonaroja.com.mx\/index.php?rest_route=\/wp\/v2\/posts"}],"about":[{"href":"https:\/\/zonaroja.com.mx\/index.php?rest_route=\/wp\/v2\/types\/post"}],"author":[{"embeddable":true,"href":"https:\/\/zonaroja.com.mx\/index.php?rest_route=\/wp\/v2\/users\/2"}],"replies":[{"embeddable":true,"href":"https:\/\/zonaroja.com.mx\/index.php?rest_route=%2Fwp%2Fv2%2Fcomments&post=8012"}],"version-history":[{"count":1,"href":"https:\/\/zonaroja.com.mx\/index.php?rest_route=\/wp\/v2\/posts\/8012\/revisions"}],"predecessor-version":[{"id":8013,"href":"https:\/\/zonaroja.com.mx\/index.php?rest_route=\/wp\/v2\/posts\/8012\/revisions\/8013"}],"wp:featuredmedia":[{"embeddable":true,"href":"https:\/\/zonaroja.com.mx\/index.php?rest_route=\/wp\/v2\/media\/7877"}],"wp:attachment":[{"href":"https:\/\/zonaroja.com.mx\/index.php?rest_route=%2Fwp%2Fv2%2Fmedia&parent=8012"}],"wp:term":[{"taxonomy":"category","embeddable":true,"href":"https:\/\/zonaroja.com.mx\/index.php?rest_route=%2Fwp%2Fv2%2Fcategories&post=8012"},{"taxonomy":"post_tag","embeddable":true,"href":"https:\/\/zonaroja.com.mx\/index.php?rest_route=%2Fwp%2Fv2%2Ftags&post=8012"}],"curies":[{"name":"wp","href":"https:\/\/api.w.org\/{rel}","templated":true}]}}