{"id":80120,"date":"2025-05-08T10:03:10","date_gmt":"2025-05-08T16:03:10","guid":{"rendered":"https:\/\/zonaroja.com.mx\/?p=80120"},"modified":"2025-05-08T10:03:12","modified_gmt":"2025-05-08T16:03:12","slug":"alertan-en-el-coyul-huamelula-sobre-despojo-de-tierras","status":"publish","type":"post","link":"https:\/\/zonaroja.com.mx\/?p=80120","title":{"rendered":"Alertan\u00a0 en El\u00a0Coyul, Huamelula,\u00a0sobre despojo de tierras\u00a0"},"content":{"rendered":"\n<p>Raymundo Morales\/Zona Roja.<\/p>\n\n\n\n<p>Oaxaca de Ju\u00e1rez, Oax., a 8 de mayo de 2025.- La Sociedad Agr\u00edcola y Ganadera El\u00a0Coyul, del municipio de San Pedro Huamelula, Oaxaca, alert\u00f3 sobre el intento de despojo de tierras que pertenecen a m\u00e1s de 400 comunicados.<\/p>\n\n\n\n<p>En un comunicado difundido este mi\u00e9rcoles, expone que los presuntos usurpadores son\u00a0Sa\u00fal Robles Arag\u00f3n,\u00a0Rom\u00e1n\u00a0Sosa Mi\u00f1\u00f3n, Rolando Sosa Cabrera, Fidencio Perea Avenda\u00f1o, Santiago L\u00f3pez, Ana Gabriela\u00a0Sumano\u00a0Dom\u00ednguez, Mario Quintero, Gumersinda Sosa Mi\u00f1\u00f3n y Nicandro Guevara L\u00f3pez, al hacerse pasar por integrantes de\u00a0susociedad.<\/p>\n\n\n\n<p>Demanda al Gobierno del Estado de Oaxaca, a la Secretar\u00eda de Gobierno, al Poder Judicial\u00a0y\u00a0a la\u00a0Fiscal\u00eda General\u00a0del Estado de Oaxaca (FGEO),\u00a0estar atentos ante dicha usurpaci\u00f3n, en la que involucran al\u00a0subsecretario de Desarrollo Democr\u00e1tico.<\/p>\n\n\n\n<p>\u201cEn contubernio con Angelino L\u00f3pez Cortes, subsecretario de Desarrollo Democr\u00e1tico (de la Sego), a quien le prometieron 50 hect\u00e1reas de terrenos que no les corresponden, para lograr actos que violentan los derechos humanos, como lo es la libertad personal y sus derechos de propiedad, de los leg\u00edtimos representantes y socios de la Sociedad Agr\u00edcola y Ganadera el\u00a0Coyul\u00a0Oax. S.C.\u201d, detalla en el comunicado.<\/p>\n\n\n\n<p>Explica que, anteriormente, Rigoberto Cruz Cartas, David Ruiz Castellanos\u00a0y\u00a0Jos\u00e9 de la Cruz Sosa\u00a0(presidente,\u00a0secretario\u00a0y\u00a0tesorero de la Sociedad Agr\u00edcola y Ganadera el\u00a0Coyul\u00a0Oax. S.c.), fueron denunciados\u00a0por\u00a0estas personas \u2013quienes forman parte de\u00a0la Sociedad Agr\u00edcola\u00a0El Maluco\u2013,\u00a0ante la Fiscal\u00eda con sede en Juchit\u00e1n de Zaragoza, siendo dicha fiscal\u00eda incompetente\u00a0en este caso.<\/p>\n\n\n\n<p>Adem\u00e1s, menciona que este tr\u00e1mite fue ocultado por los denunciantes, junto con aquella fiscal\u00eda estatal, \u201cpara perjudicar al consejo de\u00a0administraci\u00f3n de la Sociedad Agr\u00edcola y Ganadera el\u00a0Coyul\u00a0Oax S.c. y a 400 familias que la integran\u201d.<\/p>\n\n\n\n<p>Por lo que, los integrantes de&nbsp;El&nbsp;Coyul&nbsp;llaman a sus socios a estar atentos por este caso de fraude y suplantaci\u00f3n.<\/p>\n\n\n\n<p>Acusan que fueron&nbsp;Sa\u00fal Robles&nbsp;Arag\u00f3n, Patricio Fern\u00e1ndez Silva y Emilio Robles, en contubernio con Luis&nbsp;Nambos&nbsp;\u2013quien suplanto al profesor Ricardo L\u00f3pez Garc\u00e9s\u2013,&nbsp;quienes&nbsp;pretendieron falsificar una escritura&nbsp;junto con el&nbsp;notario de&nbsp;Zimatl\u00e1n&nbsp;de \u00c1lvarez, Eduardo&nbsp;Garc\u00eda&nbsp;Corpus.<\/p>\n\n\n\n<p>\u201cSe hacen pasar&nbsp;por miembros de nuestra Sociedad Agr\u00edcola y Ganadera&nbsp;El&nbsp;Coyul&nbsp;Oax. S.c. a sabiendas que todos ellos pertenecen a la Sociedad Agr\u00edcola&nbsp;El Maluco, quien perdi\u00f3 la titularidad del predio Ayuta, desde el a\u00f1o 2015,&nbsp;como qued\u00f3 demostrado&nbsp;en el juicio 297\/2012, cuando se confirm\u00f3 una sentencia en la que oblig\u00f3 a Elio Robles y Jos\u00e9 Luis Iribarren a entregar el predio Ayuta, mismo que fue entregado en el a\u00f1o 2016, por el actuario del Juzgado Civil de Salina Cruz, Juan Gabriel Jim\u00e9nez Hern\u00e1ndez\u201d, afirman&nbsp;los miembros de El&nbsp;Coyul.<\/p>\n\n\n\n<p>Ante estas arbitrariedades, las&nbsp;400 familias de&nbsp;El&nbsp;Coyul&nbsp;anuncian que seguir\u00e1n&nbsp;reuni\u00e9ndose&nbsp;para tomar las medidas necesarias para que las autoridades atiendan el abuso del que&nbsp;estan siendo v\u00edctimas los miembros de&nbsp;la sociedad.<\/p>\n","protected":false},"excerpt":{"rendered":"<p>Raymundo Morales\/Zona Roja. Oaxaca de Ju\u00e1rez, Oax., a 8 de mayo de 2025.- La Sociedad&hellip;<\/p>\n","protected":false},"author":2,"featured_media":80121,"comment_status":"closed","ping_status":"open","sticky":false,"template":"","format":"standard","meta":{"_lmt_disableupdate":"","_lmt_disable":"","_jetpack_memberships_contains_paid_content":false,"footnotes":""},"categories":[109,47],"tags":[4301],"class_list":["post-80120","post","type-post","status-publish","format-standard","has-post-thumbnail","hentry","category-minuto-a-minuto","category-zona-gris","tag-el-coyul-huamelula"],"jetpack_featured_media_url":"https:\/\/zonaroja.com.mx\/wp-content\/uploads\/2025\/05\/Despojo-El-Coyul-Huamelula.jpg","jetpack_sharing_enabled":true,"_links":{"self":[{"href":"https:\/\/zonaroja.com.mx\/index.php?rest_route=\/wp\/v2\/posts\/80120","targetHints":{"allow":["GET"]}}],"collection":[{"href":"https:\/\/zonaroja.com.mx\/index.php?rest_route=\/wp\/v2\/posts"}],"about":[{"href":"https:\/\/zonaroja.com.mx\/index.php?rest_route=\/wp\/v2\/types\/post"}],"author":[{"embeddable":true,"href":"https:\/\/zonaroja.com.mx\/index.php?rest_route=\/wp\/v2\/users\/2"}],"replies":[{"embeddable":true,"href":"https:\/\/zonaroja.com.mx\/index.php?rest_route=%2Fwp%2Fv2%2Fcomments&post=80120"}],"version-history":[{"count":1,"href":"https:\/\/zonaroja.com.mx\/index.php?rest_route=\/wp\/v2\/posts\/80120\/revisions"}],"predecessor-version":[{"id":80122,"href":"https:\/\/zonaroja.com.mx\/index.php?rest_route=\/wp\/v2\/posts\/80120\/revisions\/80122"}],"wp:featuredmedia":[{"embeddable":true,"href":"https:\/\/zonaroja.com.mx\/index.php?rest_route=\/wp\/v2\/media\/80121"}],"wp:attachment":[{"href":"https:\/\/zonaroja.com.mx\/index.php?rest_route=%2Fwp%2Fv2%2Fmedia&parent=80120"}],"wp:term":[{"taxonomy":"category","embeddable":true,"href":"https:\/\/zonaroja.com.mx\/index.php?rest_route=%2Fwp%2Fv2%2Fcategories&post=80120"},{"taxonomy":"post_tag","embeddable":true,"href":"https:\/\/zonaroja.com.mx\/index.php?rest_route=%2Fwp%2Fv2%2Ftags&post=80120"}],"curies":[{"name":"wp","href":"https:\/\/api.w.org\/{rel}","templated":true}]}}