{"id":80125,"date":"2025-05-08T20:12:49","date_gmt":"2025-05-09T02:12:49","guid":{"rendered":"https:\/\/zonaroja.com.mx\/?p=80125"},"modified":"2025-05-08T20:12:51","modified_gmt":"2025-05-09T02:12:51","slug":"jose-ramon-le-dice-sicario-a-faitelson-usted-tuvo-problemas-de-consumo-responde","status":"publish","type":"post","link":"https:\/\/zonaroja.com.mx\/?p=80125","title":{"rendered":"Jos\u00e9 Ram\u00f3n le dice \u2018sicario\u2019 a Faitelson: \u2018Usted tuvo problemas de consumo\u2019, responde"},"content":{"rendered":"\n<p>Redacci\u00f3n\/Zona Roja Cdmx.<\/p>\n\n\n\n<p>Ciudad de M\u00e9xico, a 8 de mayo de 2025.- Parece que la relaci\u00f3n entre los comunicadores deportivos Jos\u00e9 Ram\u00f3n Fern\u00e1ndez y David Faitelson no va de lo mejor, luego de la salida de este \u00faltimo de ESPN. Ahora, el exjefe le llama \u2018sicario\u2019 a su expupilo; mientras que la respuesta es acusaci\u00f3n de consumo de drogas.<\/p>\n\n\n\n<p>Las cosas se pusieron candentes entre quienes fueran compa\u00f1eros. David Faitelson es parte de la \u2018camada\u2019 de grandes comunicadores deportivos que comenzaron en TV Azteca bajo la tutela de Jos\u00e9 Ram\u00f3n, como Christian Martinoli, Andr\u00e9 Mar\u00edn, entre otros.<\/p>\n\n\n\n<p>Pero tras la \u2018emancipaci\u00f3n\u2019 de Faitelson hacia Televisa, donde previamente asegur\u00f3 que nunca trabajar\u00eda, ambos han mostrado que su relaci\u00f3n tuvo una fractura que parece, ahora, irreparable.<\/p>\n\n\n\n<p>LOS DICHOS<\/p>\n\n\n\n<p>Durante la emisi\u00f3n de SportsCenter en ESPN, el comentarista deportivo parti\u00f3 la serie entre Pachuca y Am\u00e9rica en los cuartos de final de la Liguilla de la Liga MX para hablar sobre otros temas paralelos y que poco tienen que ver con las canchas.<\/p>\n\n\n\n<p>En ese sentido, Fern\u00e1ndez asegur\u00f3 que Grupo Pachuca le ha hecho regalos a varios periodistas deportivos, y se refiri\u00f3 como \u2018sicario\u2019 a David Faitelson, a quien le achaca haber recibido \u201cdos viajes a Europa con todo pagado, con la mujer al lado, primera clase clase\u201d y haber comentado que \u201cson maravillosos\u201d tras esto.<\/p>\n\n\n\n<p>En contraste, Jos\u00e9 Ram\u00f3n asegura que: \u201cahora, \u2018te mato, te mato, te mato\u2018 porque el jefe es otro\u201d, asegurando que su expupilo ahora forma parte de las filas de Televisa.<\/p>\n\n\n\n<p>\u201cUn sicario\u201d, lo califica contundentemente. \u201cSicario, profesional, dizque del periodismo, que ya no existe\u201d, sentenci\u00f3.<\/p>\n\n\n\n<p>Aunque no sali\u00f3 de boca del nombre de David Faitelson, pero fue mencionado por parte de sus compa\u00f1eros de mesa de an\u00e1lisis, y \u00e9l dio se\u00f1as de que, efectivamente, estaba hablando de su compa\u00f1ero de equipo tanto en TV Azteca como en ESPN.<\/p>\n\n\n\n<p>LA RESPUESTA<\/p>\n\n\n\n<p>Luego de las declaraciones de Jos\u00e9 Ram\u00f3n, David Feitelson sali\u00f3 mediante su cuenta de Twitter para defenderse y dar aclaraci\u00f3n de algunos puntos; el primero de ellos, admite que pagaron su viaje a Oviedo; sin embargo, no en las condiciones que dice Fern\u00e1ndez.<\/p>\n\n\n\n<p>En ese sentido, asegura que ocurri\u00f3 \u201ccomo parte del grupo de periodistas que somos integrantes del Sal\u00f3n de la Fama\u201d, dando a entender que no fue el \u00fanico. Asimismo, aclar\u00f3 la presencia de su pareja: \u201cyo pagu\u00e9 completo el boleto de mi esposa, Irene, y sus gastos\u201d y mostr\u00f3 un pantallazo de una transferencia por $70,000 con fecha del 2023 a la cuenta p\u00fablica del Centro Interactivo Mundo Futbol, mejor conocido como el Museo del Futbol en la ciudad de Pachuca.<\/p>\n\n\n\n<p>En un segundo momento, Faitelson le se\u00f1al\u00f3 el no ser el indicado para hablar del tema. De hecho, el propio Jos\u00e9 Ram\u00f3n asegur\u00f3 que no ten\u00eda conflicto de intereses al hablar de eso en ESPN, pero David opina lo contrario.<\/p>\n\n\n\n<p>\u201cHay un claro conflicto de intereses en el tema que le ciega a usted de ver la trampa, la ilegalidad en la que vive ese grupo y de la que su hijo es parte\u201d.<\/p>\n\n\n\n<p>En un \u00faltimo momento, Faitelson se\u00f1al\u00f3 de irresponsable a Jos\u00e9 Ram\u00f3n al utilizar la palabra \u201csicario\u201d para referirse a \u00e9l, debido al contexto de violencia en que se ha envuelto M\u00e9xico durante los \u00faltimos a\u00f1os; por otro lado, se meti\u00f3 con su edad y se\u00f1al\u00f3 a Fern\u00e1ndez de haber tenido problemas de consumo de drogas durante su estad\u00eda en TV Azteca.<\/p>\n\n\n\n<p>\u201cAhora bien, quiz\u00e1, se le venga a memoria lo de \u2018sicario\u2019 por aquellos graves problemas que tuvo usted con el consumo de coca\u00edna en la parte final de su estad\u00eda en TV Azteca\u201d.<\/p>\n\n\n\n<p>Seg\u00fan explica Faitelson, fue separado de su cargo y enviado a Espa\u00f1a, junto con su esposa \u201cpara intentar que se recuperara\u201d.<\/p>\n\n\n\n<p>\u201cEspero que en realidad se haya recuperado\u201d, redacta David. \u201cEs lo \u00fanico que podr\u00eda entenderse en la relaci\u00f3n con la palabra \u2018sicario\u2019\u201d.<\/p>\n\n\n\n<p>(Informaci\u00f3n de \u201cEl Financiero\u201d)<\/p>\n","protected":false},"excerpt":{"rendered":"<p>Redacci\u00f3n\/Zona Roja Cdmx. Ciudad de M\u00e9xico, a 8 de mayo de 2025.- Parece que la&hellip;<\/p>\n","protected":false},"author":2,"featured_media":80126,"comment_status":"closed","ping_status":"open","sticky":false,"template":"","format":"standard","meta":{"_lmt_disableupdate":"","_lmt_disable":"","_jetpack_memberships_contains_paid_content":false,"footnotes":""},"categories":[109,47],"tags":[4302],"class_list":["post-80125","post","type-post","status-publish","format-standard","has-post-thumbnail","hentry","category-minuto-a-minuto","category-zona-gris","tag-jose-ramon-fernandez"],"jetpack_featured_media_url":"https:\/\/zonaroja.com.mx\/wp-content\/uploads\/2025\/05\/Jose-Ramon-Fernandez-y-Faitelson.jpg.webp","jetpack_sharing_enabled":true,"_links":{"self":[{"href":"https:\/\/zonaroja.com.mx\/index.php?rest_route=\/wp\/v2\/posts\/80125","targetHints":{"allow":["GET"]}}],"collection":[{"href":"https:\/\/zonaroja.com.mx\/index.php?rest_route=\/wp\/v2\/posts"}],"about":[{"href":"https:\/\/zonaroja.com.mx\/index.php?rest_route=\/wp\/v2\/types\/post"}],"author":[{"embeddable":true,"href":"https:\/\/zonaroja.com.mx\/index.php?rest_route=\/wp\/v2\/users\/2"}],"replies":[{"embeddable":true,"href":"https:\/\/zonaroja.com.mx\/index.php?rest_route=%2Fwp%2Fv2%2Fcomments&post=80125"}],"version-history":[{"count":1,"href":"https:\/\/zonaroja.com.mx\/index.php?rest_route=\/wp\/v2\/posts\/80125\/revisions"}],"predecessor-version":[{"id":80127,"href":"https:\/\/zonaroja.com.mx\/index.php?rest_route=\/wp\/v2\/posts\/80125\/revisions\/80127"}],"wp:featuredmedia":[{"embeddable":true,"href":"https:\/\/zonaroja.com.mx\/index.php?rest_route=\/wp\/v2\/media\/80126"}],"wp:attachment":[{"href":"https:\/\/zonaroja.com.mx\/index.php?rest_route=%2Fwp%2Fv2%2Fmedia&parent=80125"}],"wp:term":[{"taxonomy":"category","embeddable":true,"href":"https:\/\/zonaroja.com.mx\/index.php?rest_route=%2Fwp%2Fv2%2Fcategories&post=80125"},{"taxonomy":"post_tag","embeddable":true,"href":"https:\/\/zonaroja.com.mx\/index.php?rest_route=%2Fwp%2Fv2%2Ftags&post=80125"}],"curies":[{"name":"wp","href":"https:\/\/api.w.org\/{rel}","templated":true}]}}