{"id":80137,"date":"2025-05-09T09:15:00","date_gmt":"2025-05-09T15:15:00","guid":{"rendered":"https:\/\/zonaroja.com.mx\/?p=80137"},"modified":"2025-05-09T07:48:23","modified_gmt":"2025-05-09T13:48:23","slug":"rechaza-el-ine-cancelar-26-candidaturas-judiciales-sospechosas","status":"publish","type":"post","link":"https:\/\/zonaroja.com.mx\/?p=80137","title":{"rendered":"Rechaza el INE cancelar 26 candidaturas judiciales sospechosas"},"content":{"rendered":"\n<p>Redacci\u00f3n\/Zona Roja Cdmx.<\/p>\n\n\n\n<p>Ciudad de M\u00e9xico, a 9 de mayo de 2025.- El Consejo General del Instituto Nacional Electoral (INE) bate\u00f3 al Poder Legislativo en su petici\u00f3n para cancelar 26 candidaturas, entre ellas de presuntos narcocandidatos, porque no es el momento legal adecuado y se afectar\u00edan derechos de los participantes; los consejeros resaltaron que sus comit\u00e9s de evaluaci\u00f3n no hicieron su trabajo.<\/p>\n\n\n\n<p>\u201cEsta es una elecci\u00f3n in\u00e9dita, pero los principios no cambian, y eso nos exige m\u00e1xima responsabilidad institucional. Por eso, el instituto toma una decisi\u00f3n que otorga certeza sin anticipar juicios definitivos y que permita avanzar en el proceso.<\/p>\n\n\n\n<p>\u201cRealizar juicios de valor a favor o en contra, a 24 d\u00edas de la elecci\u00f3n, podr\u00eda incidir de manera perjudicial en la contienda, ese no es el papel del instituto\u201d, expres\u00f3 Guadalupe Taddei Zavala, consejera presidenta del INE.<\/p>\n\n\n\n<p>El consejero Jorge Monta\u00f1o, presidente de la Comisi\u00f3n Temporal para el Proceso Extraordinario del Poder Judicial, record\u00f3 que la reforma judicial nunca dio facultad al INE sobre el registro de candidaturas, por lo que la petici\u00f3n del Poder Legislativo podr\u00eda implicar \u201cinvasi\u00f3n de competencias\u201d, y es hasta la etapa de resultados cuando termine su elegibilidad.<\/p>\n\n\n\n<p>\u201cSe deber\u00e1 actuar muy minuciosamente para no incurrir en sesgos que pudieran traducirse en la afectaci\u00f3n excesiva\u201d.<\/p>\n\n\n\n<p>Los consejeros Dania Ravel, Carla Humphrey y Arturo Castillo le leyeron el art\u00edculo al Legislativo, y aunque no mencionaron nombres, dejaron entrever que Gerardo Fern\u00e1ndez Noro\u00f1a, presidente del Senado y uno de los firmantes de la petici\u00f3n, desconoce lo que aprobaron con la reforma judicial.<\/p>\n\n\n\n<p>\u201cPues claramente el 501 de la Ley de Instituciones y Procedimientos Electorales, adecuada para esta reforma, dice que el Senado no puede pronunciarse por la elegibilidad de los candidatos, y estaba limitado a remitirlos a la autoridad electoral\u201d.<\/p>\n\n\n\n<p>De igual forma, recordaron que la Constituci\u00f3n establece que la idoneidad ten\u00eda que ser evaluada por los comit\u00e9s de evaluaci\u00f3n nombrados por los poderes.<\/p>\n\n\n\n<p>\u201cLa Constituci\u00f3n lo dicen con absoluta claridad: \u2018La primera revisi\u00f3n de elegibilidad e idoneidad reca\u00eda directa, clara e incuestionablemente en los comit\u00e9s de evaluaci\u00f3n de cada uno de los tres Poderes de la Uni\u00f3n\u2019\u201d, resalt\u00f3 el consejero Castillo.<\/p>\n\n\n\n<p>La consejera Claudia Zavala destac\u00f3 que incluso se pide bajar candidaturas por no acreditar promedio, cuando fue uno de los requisitos b\u00e1sicos que tuvieron que revisar dichos comit\u00e9s.<\/p>\n\n\n\n<p>\u201cSi no hicieron su trabajo, en qu\u00e9 situaciones estamos. Nos llegan documentos no s\u00f3lo de reputaci\u00f3n, de promedios y otras circunstancias que necesariamente tuvieron que ser evaluadas por los poderes\u201d.<\/p>\n\n\n\n<p>El acuerdo aprobado del INE refiere que el instituto estar\u00e1 abierto, desde este jueves 8 de mayo y hasta tres d\u00edas de la asignaci\u00f3n de cargos, \u201crecibir informaci\u00f3n por parte de cualquier persona, que guarde relaci\u00f3n con el incumplimiento de alg\u00fan requisito de elegibilidad de las personas candidatas\u201d.<\/p>\n\n\n\n<p>(Informaci\u00f3n de \u201cEl Financiero\u201d)<\/p>\n","protected":false},"excerpt":{"rendered":"<p>Redacci\u00f3n\/Zona Roja Cdmx. Ciudad de M\u00e9xico, a 9 de mayo de 2025.- El Consejo General&hellip;<\/p>\n","protected":false},"author":2,"featured_media":79824,"comment_status":"closed","ping_status":"open","sticky":false,"template":"","format":"standard","meta":{"_lmt_disableupdate":"","_lmt_disable":"","_jetpack_memberships_contains_paid_content":false,"footnotes":""},"categories":[109,47],"tags":[4291],"class_list":["post-80137","post","type-post","status-publish","format-standard","has-post-thumbnail","hentry","category-minuto-a-minuto","category-zona-gris","tag-eleccion-judicial-mexico"],"jetpack_featured_media_url":"https:\/\/zonaroja.com.mx\/wp-content\/uploads\/2025\/04\/Eleccion-Poder-Judicial.jpg","jetpack_sharing_enabled":true,"_links":{"self":[{"href":"https:\/\/zonaroja.com.mx\/index.php?rest_route=\/wp\/v2\/posts\/80137","targetHints":{"allow":["GET"]}}],"collection":[{"href":"https:\/\/zonaroja.com.mx\/index.php?rest_route=\/wp\/v2\/posts"}],"about":[{"href":"https:\/\/zonaroja.com.mx\/index.php?rest_route=\/wp\/v2\/types\/post"}],"author":[{"embeddable":true,"href":"https:\/\/zonaroja.com.mx\/index.php?rest_route=\/wp\/v2\/users\/2"}],"replies":[{"embeddable":true,"href":"https:\/\/zonaroja.com.mx\/index.php?rest_route=%2Fwp%2Fv2%2Fcomments&post=80137"}],"version-history":[{"count":1,"href":"https:\/\/zonaroja.com.mx\/index.php?rest_route=\/wp\/v2\/posts\/80137\/revisions"}],"predecessor-version":[{"id":80138,"href":"https:\/\/zonaroja.com.mx\/index.php?rest_route=\/wp\/v2\/posts\/80137\/revisions\/80138"}],"wp:featuredmedia":[{"embeddable":true,"href":"https:\/\/zonaroja.com.mx\/index.php?rest_route=\/wp\/v2\/media\/79824"}],"wp:attachment":[{"href":"https:\/\/zonaroja.com.mx\/index.php?rest_route=%2Fwp%2Fv2%2Fmedia&parent=80137"}],"wp:term":[{"taxonomy":"category","embeddable":true,"href":"https:\/\/zonaroja.com.mx\/index.php?rest_route=%2Fwp%2Fv2%2Fcategories&post=80137"},{"taxonomy":"post_tag","embeddable":true,"href":"https:\/\/zonaroja.com.mx\/index.php?rest_route=%2Fwp%2Fv2%2Ftags&post=80137"}],"curies":[{"name":"wp","href":"https:\/\/api.w.org\/{rel}","templated":true}]}}