{"id":80148,"date":"2025-05-09T11:30:00","date_gmt":"2025-05-09T17:30:00","guid":{"rendered":"https:\/\/zonaroja.com.mx\/?p=80148"},"modified":"2025-05-09T09:14:15","modified_gmt":"2025-05-09T15:14:15","slug":"en-oaxaca-deben-garantizar-inclusion-de-mujeres-indigenas-y-afromexicanas-en-cargos","status":"publish","type":"post","link":"https:\/\/zonaroja.com.mx\/?p=80148","title":{"rendered":"En Oaxaca deben garantizar inclusi\u00f3n de mujeres ind\u00edgenas y afromexicanas en cargos\u00a0"},"content":{"rendered":"\n<p>Redacci\u00f3n\/Zona Roja.<\/p>\n\n\n\n<p>Oaxaca de Ju\u00e1rez, Oax., a 9 de mayo de 2025.- Con la finalidad de fortalecer el marco normativo en la entidad para garantizar la participaci\u00f3n plena y efectiva de las mujeres ind\u00edgenas y afromexicanas en la vida pol\u00edtica, econ\u00f3mica, social y cultural, la 66 Legislatura del Congreso del Estado reform\u00f3 los art\u00edculos 29 y 46 de la Ley de Derechos de los Pueblos y Comunidades Ind\u00edgenas y Afromexicano de Oaxaca.<\/p>\n\n\n\n<p>Con ello, los pueblos y comunidades regidas por Sistemas Normativos Ind\u00edgenas (SIN) deber\u00e1n garantizar la inclusi\u00f3n de las mujeres en los procesos de designaci\u00f3n para los cargos comunitarios y de toma de decisiones, promoviendo la igualdad de g\u00e9nero como un principio armonizado con los derechos colectivos, indistintamente del estado civil, circunstancia social, religi\u00f3n, opiniones, preferencias sexuales o cualquier otra.<\/p>\n\n\n\n<p>En tanto, la exclusi\u00f3n de mujeres ser\u00e1 considerada una pr\u00e1ctica contraria al respeto a los derechos humanos y al principio de no discriminaci\u00f3n.<\/p>\n\n\n\n<p>Las diputadas Melina Hern\u00e1ndez Sosa, Eva Diego Cruz, Elvia Gabriela P\u00e9rez L\u00f3pez y el diputado Nicol\u00e1s Enrique Feria Romero, promoventes de la iniciativa, refirieron en la exposici\u00f3n de motivos, que, con esta modificaci\u00f3n a la legislaci\u00f3n en la materia, no se pretende imponer reglas ajenas a la cosmovisi\u00f3n de estos pueblos, sino, reforzar los principios de justicia y equidad que han sido hist\u00f3ricamente parte de sus sistemas normativos.<\/p>\n\n\n\n<p>Adem\u00e1s de, que con la aprobaci\u00f3n de esta reforma se espera fortalecer el reconocimiento pleno y ejercicio de los derechos pol\u00edticos de las mujeres ind\u00edgenas y afromexicanas, promover la construcci\u00f3n de comunidades m\u00e1s justas, equitativas e incluyentes, contribuir a la erradicaci\u00f3n de pr\u00e1cticas discriminatorias y a la consolidaci\u00f3n de un modelo de gobernanza comunitaria basado en la paridad de g\u00e9nero y respeto de las garant\u00edas humanas.<\/p>\n\n\n\n<p>La Comisi\u00f3n Permanente de Interculturalidad, Pueblos y Comunidades Ind\u00edgenas y Afromexicanas del Congreso se\u00f1al\u00f3 que esta reforma est\u00e1 alineada con lo dispuesto en la Constituci\u00f3n Pol\u00edtica de M\u00e9xico, en su art\u00edculo 2 Apartado A, fracci\u00f3n III; Apartado B, fracci\u00f3n VIII; Apartado C y D.<\/p>\n\n\n\n<p>&nbsp;Asimismo, con la Constituci\u00f3n Pol\u00edtica de Oaxaca en su art\u00edculo 16, octavo p\u00e1rrafo; la Convenci\u00f3n sobre la Eliminaci\u00f3n de Todas las Formas de Discriminaci\u00f3n contra la Mujer (CEDAW) y la Convenci\u00f3n Interamericana para Prevenir, Sancionar y Erradicar la Violencia contra la Mujer \u201cConvenci\u00f3n de Bel\u00e9m do Par\u00e1\u201d.<\/p>\n\n\n\n<p>La iniciativa con Proyecto de Decreto se aprob\u00f3 con 33 votos a favor, durante la Sesi\u00f3n Ordinaria del pasado 9 de abril del presente a\u00f1o.<\/p>\n","protected":false},"excerpt":{"rendered":"<p>Redacci\u00f3n\/Zona Roja. Oaxaca de Ju\u00e1rez, Oax., a 9 de mayo de 2025.- Con la finalidad&hellip;<\/p>\n","protected":false},"author":2,"featured_media":75000,"comment_status":"closed","ping_status":"open","sticky":false,"template":"","format":"standard","meta":{"_lmt_disableupdate":"","_lmt_disable":"","_jetpack_memberships_contains_paid_content":false,"footnotes":""},"categories":[109,46],"tags":[303],"class_list":["post-80148","post","type-post","status-publish","format-standard","has-post-thumbnail","hentry","category-minuto-a-minuto","category-zona-blanca","tag-congreso-del-estado-de-oaxaca"],"jetpack_featured_media_url":"https:\/\/zonaroja.com.mx\/wp-content\/uploads\/2024\/11\/Sesion-Congreso-del-estado-Oaxaca.jpeg","jetpack_sharing_enabled":true,"_links":{"self":[{"href":"https:\/\/zonaroja.com.mx\/index.php?rest_route=\/wp\/v2\/posts\/80148","targetHints":{"allow":["GET"]}}],"collection":[{"href":"https:\/\/zonaroja.com.mx\/index.php?rest_route=\/wp\/v2\/posts"}],"about":[{"href":"https:\/\/zonaroja.com.mx\/index.php?rest_route=\/wp\/v2\/types\/post"}],"author":[{"embeddable":true,"href":"https:\/\/zonaroja.com.mx\/index.php?rest_route=\/wp\/v2\/users\/2"}],"replies":[{"embeddable":true,"href":"https:\/\/zonaroja.com.mx\/index.php?rest_route=%2Fwp%2Fv2%2Fcomments&post=80148"}],"version-history":[{"count":1,"href":"https:\/\/zonaroja.com.mx\/index.php?rest_route=\/wp\/v2\/posts\/80148\/revisions"}],"predecessor-version":[{"id":80149,"href":"https:\/\/zonaroja.com.mx\/index.php?rest_route=\/wp\/v2\/posts\/80148\/revisions\/80149"}],"wp:featuredmedia":[{"embeddable":true,"href":"https:\/\/zonaroja.com.mx\/index.php?rest_route=\/wp\/v2\/media\/75000"}],"wp:attachment":[{"href":"https:\/\/zonaroja.com.mx\/index.php?rest_route=%2Fwp%2Fv2%2Fmedia&parent=80148"}],"wp:term":[{"taxonomy":"category","embeddable":true,"href":"https:\/\/zonaroja.com.mx\/index.php?rest_route=%2Fwp%2Fv2%2Fcategories&post=80148"},{"taxonomy":"post_tag","embeddable":true,"href":"https:\/\/zonaroja.com.mx\/index.php?rest_route=%2Fwp%2Fv2%2Ftags&post=80148"}],"curies":[{"name":"wp","href":"https:\/\/api.w.org\/{rel}","templated":true}]}}