{"id":80152,"date":"2025-05-09T18:41:54","date_gmt":"2025-05-10T00:41:54","guid":{"rendered":"https:\/\/zonaroja.com.mx\/?p=80152"},"modified":"2025-05-09T18:41:55","modified_gmt":"2025-05-10T00:41:55","slug":"detienen-a-funcionarios-y-custodios-por-fuga-de-un-reo-en-reclusorio-de-oaxaca","status":"publish","type":"post","link":"https:\/\/zonaroja.com.mx\/?p=80152","title":{"rendered":"Detienen a funcionarios y custodios por fuga de un reo en reclusorio de Oaxaca"},"content":{"rendered":"\n<p>Redacci\u00f3n\/Zona Roja.&nbsp;<\/p>\n\n\n\n<p>Oaxaca de Ju\u00e1rez, Oax., a 9 de mayo de 2025.- La Fiscal\u00eda General del Estado de Oaxaca (FGEO) tiene en calidad de detenidas a cuatro personas, por quienes se investiga su nivel de responsabilidad en la fuga de una Persona Privada de la Libertad (PPL) que estaba internada en el Centro Penitenciario Varonil de Tanivet.<\/p>\n\n\n\n<p>Tras su detenci\u00f3n, la FGEO present\u00f3 ante el Ministerio P\u00fablico a los cuatro funcionarios p\u00fablicos del Centro Penitenciario de Tanivet, identificados como C.C.I., Subdirector de Seguridad Penitenciaria; P.R.T.J., Inspector; A.A.L., Custodio Penitenciario; as\u00ed como H.J.R.V., Custodio Penitenciario.<\/p>\n\n\n\n<p>Estas primeras acciones se lograron con el apoyo institucional de la Secretar\u00eda de Seguridad y Protecci\u00f3n Ciudadana de Oaxaca, que brind\u00f3 las facilidades para esta etapa inicial de la investigaci\u00f3n en la que se llevan a cabo trabajos ministeriales para deslindar responsabilidades.<\/p>\n\n\n\n<p>En tanto que, la Persona Privada de la Libertad que se fug\u00f3, fue identificada como Am\u00edn G\u00f3mez Bautista, por lo que se implementan operativos de b\u00fasqueda activa en los que participan la Polic\u00eda Estatal, Polic\u00eda Vial Estatal y la Guardia Nacional, para su localizaci\u00f3n y reaprehensi\u00f3n.<\/p>\n\n\n\n<p>SIGUE B\u00daSQUEDA<\/p>\n\n\n\n<p>Por su parte, la Secretar\u00eda de Seguridad y Protecci\u00f3n Ciudadana (SSPC) desminti\u00f3 la informaci\u00f3n que circula en algunos medios digitales, respecto al presunto fallecimiento de la Persona Privada de la Libertad (PPL) que se fug\u00f3 del Centro Penitenciario Varonil de Tanivet, tras ser abatido por elementos policiales.<\/p>\n\n\n\n<p>Detall\u00f3 que la persona evadida que responde al nombre de Am\u00edn G\u00f3mez Bautista, contin\u00faa siendo buscada activamente por elementos de la Polic\u00eda Estatal, Polic\u00eda Vial Estatal y la Guardia Nacional; quienes mantienen un operativo coordinado en la zona para su localizaci\u00f3n y reaprehensi\u00f3n.<\/p>\n\n\n\n<p>La confusi\u00f3n surgi\u00f3 a ra\u00edz del traslado, de urgencia, de otra PPL de este centro penitenciario al Hospital del IMSS-Bienestar de Tlacolula de Matamoros, tras sufrir un paro cardiaco.<\/p>\n\n\n\n<p>Dicha persona fue atendida por el personal m\u00e9dico del nosocomio que, luego de brindarle la atenci\u00f3n necesaria, confirm\u00f3 su deceso debido a la gravedad de su condici\u00f3n.<\/p>\n\n\n\n<p>La SSPC hace un llamado a la ciudadan\u00eda y a los medios de comunicaci\u00f3n a consultar fuentes oficiales, antes de difundir informaci\u00f3n que puede generar confusi\u00f3n o alarma social.<\/p>\n","protected":false},"excerpt":{"rendered":"<p>Redacci\u00f3n\/Zona Roja.&nbsp; Oaxaca de Ju\u00e1rez, Oax., a 9 de mayo de 2025.- La Fiscal\u00eda General&hellip;<\/p>\n","protected":false},"author":2,"featured_media":80153,"comment_status":"closed","ping_status":"open","sticky":false,"template":"","format":"standard","meta":{"_lmt_disableupdate":"","_lmt_disable":"","_jetpack_memberships_contains_paid_content":false,"footnotes":""},"categories":[109,46],"tags":[],"class_list":["post-80152","post","type-post","status-publish","format-standard","has-post-thumbnail","hentry","category-minuto-a-minuto","category-zona-blanca"],"jetpack_featured_media_url":"https:\/\/zonaroja.com.mx\/wp-content\/uploads\/2025\/05\/Detenidos-por-fuga-reclusorio-Tanivet-Fiscalia.jpg","jetpack_sharing_enabled":true,"_links":{"self":[{"href":"https:\/\/zonaroja.com.mx\/index.php?rest_route=\/wp\/v2\/posts\/80152","targetHints":{"allow":["GET"]}}],"collection":[{"href":"https:\/\/zonaroja.com.mx\/index.php?rest_route=\/wp\/v2\/posts"}],"about":[{"href":"https:\/\/zonaroja.com.mx\/index.php?rest_route=\/wp\/v2\/types\/post"}],"author":[{"embeddable":true,"href":"https:\/\/zonaroja.com.mx\/index.php?rest_route=\/wp\/v2\/users\/2"}],"replies":[{"embeddable":true,"href":"https:\/\/zonaroja.com.mx\/index.php?rest_route=%2Fwp%2Fv2%2Fcomments&post=80152"}],"version-history":[{"count":1,"href":"https:\/\/zonaroja.com.mx\/index.php?rest_route=\/wp\/v2\/posts\/80152\/revisions"}],"predecessor-version":[{"id":80154,"href":"https:\/\/zonaroja.com.mx\/index.php?rest_route=\/wp\/v2\/posts\/80152\/revisions\/80154"}],"wp:featuredmedia":[{"embeddable":true,"href":"https:\/\/zonaroja.com.mx\/index.php?rest_route=\/wp\/v2\/media\/80153"}],"wp:attachment":[{"href":"https:\/\/zonaroja.com.mx\/index.php?rest_route=%2Fwp%2Fv2%2Fmedia&parent=80152"}],"wp:term":[{"taxonomy":"category","embeddable":true,"href":"https:\/\/zonaroja.com.mx\/index.php?rest_route=%2Fwp%2Fv2%2Fcategories&post=80152"},{"taxonomy":"post_tag","embeddable":true,"href":"https:\/\/zonaroja.com.mx\/index.php?rest_route=%2Fwp%2Fv2%2Ftags&post=80152"}],"curies":[{"name":"wp","href":"https:\/\/api.w.org\/{rel}","templated":true}]}}