{"id":80164,"date":"2025-05-10T07:45:54","date_gmt":"2025-05-10T13:45:54","guid":{"rendered":"https:\/\/zonaroja.com.mx\/?p=80164"},"modified":"2025-05-10T07:45:56","modified_gmt":"2025-05-10T13:45:56","slug":"estimado-jose-isai-puedes-ir-en-paz-con-la-certeza-del-deber-cumplido","status":"publish","type":"post","link":"https:\/\/zonaroja.com.mx\/?p=80164","title":{"rendered":"\u201cEstimado Jos\u00e9 Isa\u00ed, puedes ir en paz, con la certeza del deber cumplido\u201d"},"content":{"rendered":"\n<p>Ismael Garc\u00eda M.\/Zona Roja.<\/p>\n\n\n\n<p>San Antonio de la Cal, Oax., a 10 de mayo de 2025.- Un intenso calor y los acordes del \u201cDios nunca muere\u201d pegaron al coraz\u00f3n.<\/p>\n\n\n\n<p>El ata\u00fad entr\u00f3 al patio de la sede de la Agencia Estatal de Investigaciones (AEI), con el cortejo familiar y de autoridades de la Fiscal\u00eda General del Estado de Oaxaca.<\/p>\n\n\n\n<p>Una madre desconsolada, do\u00f1a Odilia Ruiz Mart\u00ednez, quien perdi\u00f3 a su hijo a tres d\u00edas del 10 de mayo; una esposa abatida, Adriana de la Cruz Merino, con sus dos v\u00e1stagos ahora hu\u00e9rfanos, presentes en el homenaje.<\/p>\n\n\n\n<p>As\u00ed fue la despedida a Jos\u00e9 Isa\u00ed, placa 653, quien muri\u00f3 en cumplimiento de su deber el pasado mi\u00e9rcoles 7 de mayo, al enfrentar con sus compa\u00f1eros a un grupo delictivo que secuestr\u00f3 a una persona, a quien lograron rescatar con vida.<\/p>\n\n\n\n<p>Un sentido homenaje el viernes con el sol en el cenit. Un viernes de l\u00e1grimas, de dolor. De coraje. Pero tambi\u00e9n de orgullo por la valent\u00eda de elemento, comandante encargado en San Pedro y San Pablo Teposcolula, donde ocurrieron los hechos violentos.<\/p>\n\n\n\n<p>GRAN P\u00c9RDIDA&nbsp;<\/p>\n\n\n\n<p>\u201cLamentamos su p\u00e9rdida y nos solidarizamos con ustedes, pero que tambi\u00e9n no los vamos a soltar, que vamos a estar con ustedes, que nuestro compromiso es convertirnos en ese manto protector que era Jos\u00e9 Isa\u00ed y que vamos a garantizar toda la ayuda, todos los derechos.<\/p>\n\n\n\n<p>\u201cEstimado Jos\u00e9 Isa\u00ed: puedes ir en paz, con la certeza del deber cumplido; puedes estar tranquilo que nosotros tu familia, tu familia extensa de la Fiscal\u00eda General, y la propia Agencia Estatal de Investigaciones, estaremos aqu\u00ed, cuidando d\u00eda tras d\u00eda, hombro con hombro, a los tuyos, como t\u00fa en su momento lo hiciste con nosotros\u201d.<\/p>\n\n\n\n<figure class=\"wp-block-image size-full\"><img decoding=\"async\" width=\"800\" height=\"533\" src=\"https:\/\/zonaroja.com.mx\/wp-content\/uploads\/2025\/05\/Homenaje-Jose-Isai-fiscalia-.jpeg\" alt=\"\" class=\"wp-image-80165\" srcset=\"https:\/\/zonaroja.com.mx\/wp-content\/uploads\/2025\/05\/Homenaje-Jose-Isai-fiscalia-.jpeg 800w, https:\/\/zonaroja.com.mx\/wp-content\/uploads\/2025\/05\/Homenaje-Jose-Isai-fiscalia--300x200.jpeg 300w, https:\/\/zonaroja.com.mx\/wp-content\/uploads\/2025\/05\/Homenaje-Jose-Isai-fiscalia--768x512.jpeg 768w, https:\/\/zonaroja.com.mx\/wp-content\/uploads\/2025\/05\/Homenaje-Jose-Isai-fiscalia--585x390.jpeg 585w, https:\/\/zonaroja.com.mx\/wp-content\/uploads\/2025\/05\/Homenaje-Jose-Isai-fiscalia--263x175.jpeg 263w\" sizes=\"(max-width: 800px) 100vw, 800px\" \/><\/figure>\n\n\n\n<p>Las palabras del fiscal Bernardo Rodr\u00edguez Alamilla, frente a los padres y familia de Jos\u00e9 Isa\u00ed Almaraz Ruiz. Alrededor del f\u00e9retro, elementos de investigaci\u00f3n y funcionarios, en la p\u00e9rdida de un compa\u00f1ero, un amigo, un funcionario, un polic\u00eda valiente.<\/p>\n\n\n\n<p>Fue la noche del pasado mi\u00e9rcoles en que los agentes interceptaron en Teposcolula a un grupo delictivo que hab\u00eda secuestrado a un hombre en San Miguel El Grande.&nbsp;<\/p>\n\n\n\n<p>La balacera fue intensa. Agentes de la AEI, con apoyo de la Polic\u00eda Vial se impusieron, rescataron al plagiado, detuvieron a tres delincuentes\u2026 Pero en los hechos perdi\u00f3 la vida Jos\u00e9 Isa\u00ed y result\u00f3 lesionado otro elemento.<\/p>\n\n\n\n<p>HABR\u00c1 RESPALDO<\/p>\n\n\n\n<p>\u201cEs un compa\u00f1ero que ha partido, pero tambi\u00e9n sabemos que de una u otra manera se ha quedado con nosotros. El temple, la lealtad y el profesionalismo con el que Jos\u00e9 Isa\u00ed realizaba su trabajo se vuelve un ejemplo a seguir.<\/p>\n\n\n\n<p>Tambi\u00e9n el coordinador de la AEI, Jaciel Salvador V\u00e1squez Castro, tuvo palabras para los deudos y para los integrantes de la corporaci\u00f3n.&nbsp;<\/p>\n\n\n\n<p>\u201cNo hay palabras certeras que puedan describir la funci\u00f3n y el actuar de un polic\u00eda. Sin embargo, los hechos hablan por s\u00ed solos. El acto heroico donde perdi\u00f3 la vida el agente Jos\u00e9 Isa\u00ed, y en que result\u00f3 lesionado el agente Luis \u00c1ngel Francisco Basilio, demuestran una vez m\u00e1s el compromiso de salvaguardar a la ciudadan\u00eda y en hacer cumplir la ley con ardua labor\u201d.<\/p>\n\n\n\n<p>Guardia de honor para el agente; la entrega de la Bandera Nacional a su familia, la colocaci\u00f3n de la fotograf\u00eda de Jos\u00e9 Isa\u00ed en el muro de honor, cerraron el homenaje.<\/p>\n\n\n\n<p>Las l\u00e1grimas se confundieron con el sudor del inclemente sol en los rostros de Adriana y sus peque\u00f1os Jul\u00edan Isa\u00ed y Camila Mariel; inconsolables los padres, don Apolonio Almaraz y do\u00f1a Odilia Ruiz.<\/p>\n\n\n\n<p>\u201c\u00a1Agente placa 653 Jos\u00e9 Isa\u00ed Almaraz Ruiz! \u00a1\u00a1\u00a1Presente!!!\u201d, retumb\u00f3 en las paredes de La Experimental.<\/p>\n\n\n\n<figure class=\"wp-block-embed is-type-rich is-provider-twitter wp-block-embed-twitter\"><div class=\"wp-block-embed__wrapper\">\n<div class=\"twitter-tweet\"><blockquote class=\"twitter-tweet\" data-lang=\"es\"><p lang=\"es\" dir=\"ltr\">1. Bajo los acordes del \u201cDios nunca muere\u201d y con la presencia de sus familiares, la <a href=\"https:\/\/twitter.com\/FISCALIA_GobOax?ref_src=twsrc%5Etfw\">@FISCALIA_GobOax<\/a> rindi\u00f3 hoy un sentido homenaje al elemento ca\u00eddo anteayer en el cumplimiento de su deber, en San Pedro y San Pablo Teposcolula.  <br><br>La ceremonia fue encabezada por el titular de la\u2026 <a href=\"https:\/\/t.co\/AAXXSFzwA3\">pic.twitter.com\/AAXXSFzwA3<\/a><\/p>&mdash; Zona Roja Oaxaca (@ZonaRoja_Oaxaca) <a href=\"https:\/\/twitter.com\/ZonaRoja_Oaxaca\/status\/1920916218938364269?ref_src=twsrc%5Etfw\">9 de mayo de 2025<\/a><\/blockquote><\/div>\n<\/div><\/figure>\n","protected":false},"excerpt":{"rendered":"<p>Ismael Garc\u00eda M.\/Zona Roja. San Antonio de la Cal, Oax., a 10 de mayo de&hellip;<\/p>\n","protected":false},"author":2,"featured_media":80166,"comment_status":"closed","ping_status":"open","sticky":false,"template":"","format":"standard","meta":{"_lmt_disableupdate":"","_lmt_disable":"","_jetpack_memberships_contains_paid_content":false,"footnotes":""},"categories":[109,47],"tags":[494],"class_list":["post-80164","post","type-post","status-publish","format-standard","has-post-thumbnail","hentry","category-minuto-a-minuto","category-zona-gris","tag-fiscalia-general-del-estado-de-oaxaca"],"jetpack_featured_media_url":"https:\/\/zonaroja.com.mx\/wp-content\/uploads\/2025\/05\/Homenaje-Fiscalia-a-Jose-Isai.jpeg","jetpack_sharing_enabled":true,"_links":{"self":[{"href":"https:\/\/zonaroja.com.mx\/index.php?rest_route=\/wp\/v2\/posts\/80164","targetHints":{"allow":["GET"]}}],"collection":[{"href":"https:\/\/zonaroja.com.mx\/index.php?rest_route=\/wp\/v2\/posts"}],"about":[{"href":"https:\/\/zonaroja.com.mx\/index.php?rest_route=\/wp\/v2\/types\/post"}],"author":[{"embeddable":true,"href":"https:\/\/zonaroja.com.mx\/index.php?rest_route=\/wp\/v2\/users\/2"}],"replies":[{"embeddable":true,"href":"https:\/\/zonaroja.com.mx\/index.php?rest_route=%2Fwp%2Fv2%2Fcomments&post=80164"}],"version-history":[{"count":1,"href":"https:\/\/zonaroja.com.mx\/index.php?rest_route=\/wp\/v2\/posts\/80164\/revisions"}],"predecessor-version":[{"id":80167,"href":"https:\/\/zonaroja.com.mx\/index.php?rest_route=\/wp\/v2\/posts\/80164\/revisions\/80167"}],"wp:featuredmedia":[{"embeddable":true,"href":"https:\/\/zonaroja.com.mx\/index.php?rest_route=\/wp\/v2\/media\/80166"}],"wp:attachment":[{"href":"https:\/\/zonaroja.com.mx\/index.php?rest_route=%2Fwp%2Fv2%2Fmedia&parent=80164"}],"wp:term":[{"taxonomy":"category","embeddable":true,"href":"https:\/\/zonaroja.com.mx\/index.php?rest_route=%2Fwp%2Fv2%2Fcategories&post=80164"},{"taxonomy":"post_tag","embeddable":true,"href":"https:\/\/zonaroja.com.mx\/index.php?rest_route=%2Fwp%2Fv2%2Ftags&post=80164"}],"curies":[{"name":"wp","href":"https:\/\/api.w.org\/{rel}","templated":true}]}}