{"id":8017,"date":"2020-01-24T19:12:12","date_gmt":"2020-01-25T01:12:12","guid":{"rendered":"http:\/\/www.zonaroja.com.mx\/?p=8017"},"modified":"2020-01-24T19:17:51","modified_gmt":"2020-01-25T01:17:51","slug":"comunidad-lgbt-protesta-contra-atraques-homofobicos-en-capital-de-oaxaca","status":"publish","type":"post","link":"https:\/\/zonaroja.com.mx\/?p=8017","title":{"rendered":"Comunidad LGBT protesta contra atraques homof\u00f3bicos en capital de Oaxaca"},"content":{"rendered":"\n<p>Yuridiana Sosa\/Zona Roja.<\/p>\n\n\n\n<p>Oaxaca de Ju\u00e1rez, Oax., 24 de enero de\n2020.- Integrantes de la comunidad LGBTQ marcharon este viernes en la capital de\nOaxaca para exigir justicia por las agresiones continuas que esta semana se\nregistraron en contra tres homosexuales por parte de taxistas.<\/p>\n\n\n\n<p>\u201c\u00a1El Estado opresor, es un macho\nviolador!\u201d, fue una de las consignas que se escuch\u00f3 con mayor \u00e9nfasis durante\nsu recorrido del atrio del templo de Jalatlaco a la terminal de autobuses ADO,\nubicado en ese mismo barrio, a un costado del bulevar H\u00e9roes de Chapultepec.<\/p>\n\n\n\n<p>Fernando Ram\u00edrez, agredido el pasado\nlunes por un taxista del sitio \u201cMonte Alb\u00e1n\u201d, demand\u00f3 a la Fiscal\u00eda General del\nEstado celeridad a la denuncia que present\u00f3, pues consider\u00f3 que hasta el\nmomento la atenci\u00f3n al caso es deficiente a pesar por la agresi\u00f3n le\nregistraron desprendimiento de retina.<\/p>\n\n\n\n<p>Con los rostros cubiertos, algunos de los inconformes tambi\u00e9n realizaron pintas en fachadas de casas particulares que se ubican en el trayecto y en las que tambi\u00e9n se pidi\u00f3 justicia por la agresi\u00f3n contra la saxofonista Mar\u00eda Elena R\u00edos.<\/p>\n\n\n\n<figure class=\"wp-block-embed-twitter wp-block-embed is-type-rich is-provider-twitter\"><div class=\"wp-block-embed__wrapper\">\n<div class=\"twitter-tweet\"><blockquote class=\"twitter-tweet\" data-lang=\"es\"><p lang=\"es\" dir=\"ltr\">Un grupo de personas de la diversidad sexual march\u00f3 y protest\u00f3 la tarde de este viernes en calles de la ciudad de Oaxaca, por las recientes agresiones a tres miembros de la comunidad gay, por parte de taxistas; la movilizaci\u00f3n concluy\u00f3 en la terminal de autobuses ADO. <a href=\"https:\/\/t.co\/ohr44SCgSE\">pic.twitter.com\/ohr44SCgSE<\/a><\/p>&mdash; Zona Roja Oaxaca (@MexRoja) <a href=\"https:\/\/twitter.com\/MexRoja\/status\/1220871759752310784?ref_src=twsrc%5Etfw\">25 de enero de 2020<\/a><\/blockquote><\/div>\n<\/div><\/figure>\n\n\n\n<p>Hombres y mujeres que se manifestaron\nreiteraron su rechazo a las agresiones registradas, consideradas como actos de\nhomofobia.<\/p>\n\n\n\n<p>A su llegada a la terminal de primera\nclase, los manifestantes realizaron pintas en el lugar, donde en inmediaciones\ndel lugar ocurri\u00f3 el primer ataque que se dio a conocer esta semana contra el\njoven Fernando Ram\u00edrez, por parte de un taxista del sitio \u201cMonte Alb\u00e1n\u201d.<\/p>\n\n\n\n<p>Durante esta semana tambi\u00e9n se registr\u00f3\nel ataque a dos varones m\u00e1s, de la comunidad gay, por parte de un taxista del\nsitio ADO, con la matr\u00edcula 55-58-SJL en la colonia La Cascada.<\/p>\n\n\n\n<p>En este caso, el conductor alert\u00f3 a los vecinos que se trataban de unos ladrones, por lo que fueron golpeados y semidesnudados. Sin embargo, la pareja que se encontraba bajo los influjos del alcohol declar\u00f3 que les faltaban cinco pesos para completar la tarifa del taxi, lo que provoc\u00f3 la molestia del ruletero.<\/p>\n\n\n\n<figure class=\"wp-block-embed-twitter wp-block-embed is-type-rich is-provider-twitter\"><div class=\"wp-block-embed__wrapper\">\n<div class=\"twitter-tweet\"><blockquote class=\"twitter-tweet\" data-lang=\"es\"><p lang=\"es\" dir=\"ltr\"><a href=\"https:\/\/twitter.com\/hashtag\/ENVIVO?src=hash&amp;ref_src=twsrc%5Etfw\">#ENVIVO<\/a><br>Oaxaca de Ju\u00e1rez, Oax., 15 de enero de 2020.- Protesta de personas de la diversidad sexual por recientes ataques de odio a sus integrantes, por parte de taxistas.<br>\ud83d\udc47<a href=\"https:\/\/t.co\/JU715pGOcy\">https:\/\/t.co\/JU715pGOcy<\/a> <a href=\"https:\/\/t.co\/YWMuUid2UU\">pic.twitter.com\/YWMuUid2UU<\/a><\/p>&mdash; Zona Roja Oaxaca (@MexRoja) <a href=\"https:\/\/twitter.com\/MexRoja\/status\/1220859897509830658?ref_src=twsrc%5Etfw\">25 de enero de 2020<\/a><\/blockquote><\/div>\n<\/div><\/figure>\n","protected":false},"excerpt":{"rendered":"<p>Yuridiana Sosa\/Zona Roja. Oaxaca de Ju\u00e1rez, Oax., 24 de enero de 2020.- Integrantes de la&hellip;<\/p>\n","protected":false},"author":2,"featured_media":8018,"comment_status":"closed","ping_status":"open","sticky":false,"template":"","format":"standard","meta":{"_lmt_disableupdate":"","_lmt_disable":"","_jetpack_memberships_contains_paid_content":false,"footnotes":""},"categories":[109,47],"tags":[1313],"class_list":["post-8017","post","type-post","status-publish","format-standard","has-post-thumbnail","hentry","category-minuto-a-minuto","category-zona-gris","tag-protesta-lgbt-oaxaca"],"jetpack_featured_media_url":"https:\/\/zonaroja.com.mx\/wp-content\/uploads\/2020\/01\/protesta-comunidad-gay.jpg","jetpack_sharing_enabled":true,"_links":{"self":[{"href":"https:\/\/zonaroja.com.mx\/index.php?rest_route=\/wp\/v2\/posts\/8017","targetHints":{"allow":["GET"]}}],"collection":[{"href":"https:\/\/zonaroja.com.mx\/index.php?rest_route=\/wp\/v2\/posts"}],"about":[{"href":"https:\/\/zonaroja.com.mx\/index.php?rest_route=\/wp\/v2\/types\/post"}],"author":[{"embeddable":true,"href":"https:\/\/zonaroja.com.mx\/index.php?rest_route=\/wp\/v2\/users\/2"}],"replies":[{"embeddable":true,"href":"https:\/\/zonaroja.com.mx\/index.php?rest_route=%2Fwp%2Fv2%2Fcomments&post=8017"}],"version-history":[{"count":1,"href":"https:\/\/zonaroja.com.mx\/index.php?rest_route=\/wp\/v2\/posts\/8017\/revisions"}],"predecessor-version":[{"id":8019,"href":"https:\/\/zonaroja.com.mx\/index.php?rest_route=\/wp\/v2\/posts\/8017\/revisions\/8019"}],"wp:featuredmedia":[{"embeddable":true,"href":"https:\/\/zonaroja.com.mx\/index.php?rest_route=\/wp\/v2\/media\/8018"}],"wp:attachment":[{"href":"https:\/\/zonaroja.com.mx\/index.php?rest_route=%2Fwp%2Fv2%2Fmedia&parent=8017"}],"wp:term":[{"taxonomy":"category","embeddable":true,"href":"https:\/\/zonaroja.com.mx\/index.php?rest_route=%2Fwp%2Fv2%2Fcategories&post=8017"},{"taxonomy":"post_tag","embeddable":true,"href":"https:\/\/zonaroja.com.mx\/index.php?rest_route=%2Fwp%2Fv2%2Ftags&post=8017"}],"curies":[{"name":"wp","href":"https:\/\/api.w.org\/{rel}","templated":true}]}}