{"id":80173,"date":"2025-05-10T11:00:00","date_gmt":"2025-05-10T17:00:00","guid":{"rendered":"https:\/\/zonaroja.com.mx\/?p=80173"},"modified":"2025-05-10T08:21:59","modified_gmt":"2025-05-10T14:21:59","slug":"podrian-ser-policias-los-secuestradores-de-la-mixteca","status":"publish","type":"post","link":"https:\/\/zonaroja.com.mx\/?p=80173","title":{"rendered":"Podr\u00edan ser polic\u00edas, los secuestradores de la Mixteca"},"content":{"rendered":"\n<p>Ismael Garc\u00eda M.\/Zona Roja.<\/p>\n\n\n\n<p>Oaxaca de Ju\u00e1rez, Oax., a 10 de mayo de 2025.- Los tres presuntos secuestradores detenidos en San Pedro y San Pablo Teposcolula, podr\u00edan ser polic\u00edas, pues ten\u00edan en su poder una camioneta balizada como patrulla, de G\u00f3mez Palacio, Durango.<\/p>\n\n\n\n<p>\u201cEstamos investigando, una de las camionetas dentro de sus registros aparece que es de Durango y de la polic\u00eda de un municipio; estamos viendo si ellos tienen alg\u00fan registro como elementos policiacos o nada m\u00e1s fue la camioneta\u201d, revel\u00f3 el fiscal General del Estado, Bernardo Rodr\u00edguez Alamilla.<\/p>\n\n\n\n<p>En entrevista colectiva, resalt\u00f3 la valent\u00eda con que actuaron los elementos de la Agencia Estatal de Investigaciones, con apoyo de la Polic\u00eda Vial, la noche del pasado 7 de mayo en San Pedro y San Pablo Teposcolula, donde rescataron a un secuestrado y detuvieron a tres personas, originarias del Estado de M\u00e9xico y de la Ciudad de M\u00e9xico.<\/p>\n\n\n\n<p>Apunt\u00f3 que fueron consignados por tres delitos, secuestro, lesiones y homicidio; la carpeta de investigaci\u00f3n sigue abierta y se busca que haya una sentencia ejemplar.<\/p>\n\n\n\n<p>\u201cEl mensaje es, no vamos a permitir que ninguna persona realice este tipo de situaciones sin que sea castigado; tambi\u00e9n el mensaje es contundente, cualquier persona que trate o venga a hacer alg\u00fan desm\u00e1n va a ser castigada\u201d, dijo en entrevista.<\/p>\n\n\n\n<p>Rodr\u00edguez Alamilla apunt\u00f3 tambi\u00e9n que se indaga si hay una cuarta persona del grupo delictivo que particip\u00f3 en los hechos.<\/p>\n\n\n\n<p>Con respecto al agente de Investigaci\u00f3n, Jos\u00e9 Isa\u00ed, placa 653, el fiscal remarc\u00f3: \u201cQue la corporaci\u00f3n, que la familia sepa, que no los vamos a dejar solos, que no quedar\u00e1n desaparcados\u201d.<\/p>\n\n\n\n<p>El titular y funcionarios de la Fiscal\u00eda General, as\u00ed como mandos militares y de la Secretar\u00eda de Seguridad y Protecci\u00f3n Ciudadana encabezaron ayer un homenaje al agente, con la presencia de sus familiares.<\/p>\n\n\n\n<figure class=\"wp-block-embed is-type-rich is-provider-twitter wp-block-embed-twitter\"><div class=\"wp-block-embed__wrapper\">\n<div class=\"twitter-tweet\"><blockquote class=\"twitter-tweet\" data-lang=\"es\"><p lang=\"es\" dir=\"ltr\">Los tres secuestradores detenidos en San Pedro y San Pablo Teposcolula antenoche, podr\u00edan ser polic\u00edas municipales, pues una de las unidades de motor que se les decomis\u00f3, ten\u00eda registro en G\u00f3mez Palacio, Durango, y caracter\u00edsticas de una patrulla municipal.<br><br>Esto lo inform\u00f3 el\u2026 <a href=\"https:\/\/t.co\/9gnK0Fazg5\">pic.twitter.com\/9gnK0Fazg5<\/a><\/p>&mdash; Zona Roja Oaxaca (@ZonaRoja_Oaxaca) <a href=\"https:\/\/twitter.com\/ZonaRoja_Oaxaca\/status\/1921048087683903797?ref_src=twsrc%5Etfw\">10 de mayo de 2025<\/a><\/blockquote><\/div>\n<\/div><\/figure>\n","protected":false},"excerpt":{"rendered":"<p>Ismael Garc\u00eda M.\/Zona Roja. Oaxaca de Ju\u00e1rez, Oax., a 10 de mayo de 2025.- Los&hellip;<\/p>\n","protected":false},"author":2,"featured_media":80174,"comment_status":"closed","ping_status":"open","sticky":false,"template":"","format":"standard","meta":{"_lmt_disableupdate":"","_lmt_disable":"","_jetpack_memberships_contains_paid_content":false,"footnotes":""},"categories":[109,46],"tags":[1262],"class_list":["post-80173","post","type-post","status-publish","format-standard","has-post-thumbnail","hentry","category-minuto-a-minuto","category-zona-blanca","tag-bernardo-rodriguez-alamilla"],"jetpack_featured_media_url":"https:\/\/zonaroja.com.mx\/wp-content\/uploads\/2025\/05\/Rodriguez-Alamilla-Bernardo.jpg","jetpack_sharing_enabled":true,"_links":{"self":[{"href":"https:\/\/zonaroja.com.mx\/index.php?rest_route=\/wp\/v2\/posts\/80173","targetHints":{"allow":["GET"]}}],"collection":[{"href":"https:\/\/zonaroja.com.mx\/index.php?rest_route=\/wp\/v2\/posts"}],"about":[{"href":"https:\/\/zonaroja.com.mx\/index.php?rest_route=\/wp\/v2\/types\/post"}],"author":[{"embeddable":true,"href":"https:\/\/zonaroja.com.mx\/index.php?rest_route=\/wp\/v2\/users\/2"}],"replies":[{"embeddable":true,"href":"https:\/\/zonaroja.com.mx\/index.php?rest_route=%2Fwp%2Fv2%2Fcomments&post=80173"}],"version-history":[{"count":1,"href":"https:\/\/zonaroja.com.mx\/index.php?rest_route=\/wp\/v2\/posts\/80173\/revisions"}],"predecessor-version":[{"id":80175,"href":"https:\/\/zonaroja.com.mx\/index.php?rest_route=\/wp\/v2\/posts\/80173\/revisions\/80175"}],"wp:featuredmedia":[{"embeddable":true,"href":"https:\/\/zonaroja.com.mx\/index.php?rest_route=\/wp\/v2\/media\/80174"}],"wp:attachment":[{"href":"https:\/\/zonaroja.com.mx\/index.php?rest_route=%2Fwp%2Fv2%2Fmedia&parent=80173"}],"wp:term":[{"taxonomy":"category","embeddable":true,"href":"https:\/\/zonaroja.com.mx\/index.php?rest_route=%2Fwp%2Fv2%2Fcategories&post=80173"},{"taxonomy":"post_tag","embeddable":true,"href":"https:\/\/zonaroja.com.mx\/index.php?rest_route=%2Fwp%2Fv2%2Ftags&post=80173"}],"curies":[{"name":"wp","href":"https:\/\/api.w.org\/{rel}","templated":true}]}}