{"id":80179,"date":"2025-05-10T12:29:00","date_gmt":"2025-05-10T18:29:00","guid":{"rendered":"https:\/\/zonaroja.com.mx\/?p=80179"},"modified":"2025-05-10T08:30:37","modified_gmt":"2025-05-10T14:30:37","slug":"confunden-a-ciudadano-polaco-con-un-secuestrador-y-lo-asesinan-en-tijuana","status":"publish","type":"post","link":"https:\/\/zonaroja.com.mx\/?p=80179","title":{"rendered":"Confunden a ciudadano polaco con un secuestrador y lo asesinan en Tijuana"},"content":{"rendered":"\n<p>Redacci\u00f3n\/Zona Roja Cdmx.<\/p>\n\n\n\n<p>Ciudad de M\u00e9xico, a 10 de mayo de 2025.- La tarde del 8 de mayo un ciudadano polaco fue asesinado a cuchilladas -en Tijuana, Baja California &#8211; por el conductor de un taxi que, entre un grupo de personas, lo someti\u00f3 pensando que intentaba secuestrar a un menor de edad.<\/p>\n\n\n\n<p>La historia de Aleksander Banas Konrad culmin\u00f3 en calles de la colonia Granjas Familiares II, cuando se acerc\u00f3 a una mujer y su hijo, quienes pensaron que quer\u00eda hacerles da\u00f1o, por lo que pidieron ayuda a un grupo de personas que lo persiguieron pensando que era un secuestrador.<\/p>\n\n\n\n<p>Versiones de testigos refieren que Banas Konrad hab\u00eda sido v\u00edctima de un asalto y se acerc\u00f3 a la mujer para pedirle ayuda; sin embargo, no hablaba espa\u00f1ol. Luego abraz\u00f3, con euforia al menor de 5 a\u00f1os, lo que provoc\u00f3 el temor de la madre a que lo raptaran y grit\u00f3 en busca de ayuda.<\/p>\n\n\n\n<p>VERSI\u00d3N OFICIAL<\/p>\n\n\n\n<p>Mar\u00eda Elena Andrade Ram\u00edrez, titular de la Fiscal\u00eda General de Justicia (FGJ) de Baja California, precis\u00f3 que a\u00fan se encuentran en la etapa de investigaciones, pero que los indicios hasta el momento indican que el ciudadano polaco ten\u00eda una actitud err\u00e1tica, por lo que se har\u00e1n ex\u00e1menes toxicol\u00f3gicos a su cuerpo.<\/p>\n\n\n\n<p>\u201cNo le entend\u00eda. Hablaba algo que no era espa\u00f1ol -seg\u00fan las declaraciones de la mujer presuntamente agredida-. En un momento incluso llev\u00f3 a cabo algunas acciones como acercarse al ni\u00f1o, sacar unos lentes de su mochila y pon\u00e9rselos al menor. Aparentemente con el \u00e1nimo de acercarse. Posteriormente, se acerc\u00f3 a la v\u00edctima y al ni\u00f1o y les dio un abrazo fuerte, obviamente en contra de su voluntad\u201d, se\u00f1al\u00f3 la fiscal ante la prensa.<\/p>\n\n\n\n<p>Al notar esta conducta -sigui\u00f3 la fiscal-, la madre del menor pidi\u00f3 ayuda a las personas que se encontraban cerca, quienes persiguieron a Aleksander Banas Konrad y antes de que lograra abordar una unidad de transporte, lo sometieron, lo golpearon y el chofer del veh\u00edculo, Jos\u00e9 Ren\u00e9 \u201cN\u201d, lo asesin\u00f3 con un cuchillo.<\/p>\n\n\n\n<p>Andrade Ram\u00edrez fue enf\u00e1tica en resaltar que no se trat\u00f3 de un intento de secuestro: \u201cni siquiera hubo una privaci\u00f3n ilegal de la libertad. Pareciera que, a simple vista, fue una conducta descontrolada de esta persona\u201d.<\/p>\n\n\n\n<p>Pese a se\u00f1alar lo anterior, la fiscal indic\u00f3 que no descartar\u00e1n ninguna l\u00ednea de investigaci\u00f3n y que se analizan las c\u00e1maras de vigilancia que captaron al hombre polaco un una actitud que parec\u00eda de calma y solicitando ayuda a los comerciantes antes de ser agredido.<\/p>\n\n\n\n<p>Respecto a la persona detenida por el homicidio, se inform\u00f3 que ya fue presentada ante las autoridades competentes; en tanto, se investiga la posible participaci\u00f3n de m\u00e1s individuos en el crimen.<\/p>\n\n\n\n<p>(Informaci\u00f3n de Infobae M\u00e9xico)<\/p>\n","protected":false},"excerpt":{"rendered":"<p>Redacci\u00f3n\/Zona Roja Cdmx. Ciudad de M\u00e9xico, a 10 de mayo de 2025.- La tarde del&hellip;<\/p>\n","protected":false},"author":2,"featured_media":80180,"comment_status":"closed","ping_status":"open","sticky":false,"template":"","format":"standard","meta":{"_lmt_disableupdate":"","_lmt_disable":"","_jetpack_memberships_contains_paid_content":false,"footnotes":""},"categories":[109,52],"tags":[],"class_list":["post-80179","post","type-post","status-publish","format-standard","has-post-thumbnail","hentry","category-minuto-a-minuto","category-zona-verde"],"jetpack_featured_media_url":"https:\/\/zonaroja.com.mx\/wp-content\/uploads\/2025\/05\/Caso-ciudadano-polaco.jpeg.avif","jetpack_sharing_enabled":true,"_links":{"self":[{"href":"https:\/\/zonaroja.com.mx\/index.php?rest_route=\/wp\/v2\/posts\/80179","targetHints":{"allow":["GET"]}}],"collection":[{"href":"https:\/\/zonaroja.com.mx\/index.php?rest_route=\/wp\/v2\/posts"}],"about":[{"href":"https:\/\/zonaroja.com.mx\/index.php?rest_route=\/wp\/v2\/types\/post"}],"author":[{"embeddable":true,"href":"https:\/\/zonaroja.com.mx\/index.php?rest_route=\/wp\/v2\/users\/2"}],"replies":[{"embeddable":true,"href":"https:\/\/zonaroja.com.mx\/index.php?rest_route=%2Fwp%2Fv2%2Fcomments&post=80179"}],"version-history":[{"count":1,"href":"https:\/\/zonaroja.com.mx\/index.php?rest_route=\/wp\/v2\/posts\/80179\/revisions"}],"predecessor-version":[{"id":80181,"href":"https:\/\/zonaroja.com.mx\/index.php?rest_route=\/wp\/v2\/posts\/80179\/revisions\/80181"}],"wp:featuredmedia":[{"embeddable":true,"href":"https:\/\/zonaroja.com.mx\/index.php?rest_route=\/wp\/v2\/media\/80180"}],"wp:attachment":[{"href":"https:\/\/zonaroja.com.mx\/index.php?rest_route=%2Fwp%2Fv2%2Fmedia&parent=80179"}],"wp:term":[{"taxonomy":"category","embeddable":true,"href":"https:\/\/zonaroja.com.mx\/index.php?rest_route=%2Fwp%2Fv2%2Fcategories&post=80179"},{"taxonomy":"post_tag","embeddable":true,"href":"https:\/\/zonaroja.com.mx\/index.php?rest_route=%2Fwp%2Fv2%2Ftags&post=80179"}],"curies":[{"name":"wp","href":"https:\/\/api.w.org\/{rel}","templated":true}]}}