{"id":80188,"date":"2025-05-10T16:47:15","date_gmt":"2025-05-10T22:47:15","guid":{"rendered":"https:\/\/zonaroja.com.mx\/?p=80188"},"modified":"2025-05-10T16:47:17","modified_gmt":"2025-05-10T22:47:17","slug":"perfila-ia-a-jaime-allier-campuzano-como-el-mejor-calificado-para-la-scjn","status":"publish","type":"post","link":"https:\/\/zonaroja.com.mx\/?p=80188","title":{"rendered":"Perfila IA a Jaime Allier Campuzano como el mejor calificado para la SCJN"},"content":{"rendered":"\n<p>Raymundo Morales\/Zona Roja.<\/p>\n\n\n\n<p>Oaxaca de Ju\u00e1rez, Oax., a 10 de mayo de 2025.- En medio de un proceso de renovaci\u00f3n del Poder Judicial de la Federaci\u00f3n marcado por la escasa difusi\u00f3n, falta de foros p\u00fablicos y poca organizaci\u00f3n por parte del Instituto Nacional Electoral (INE), un ejercicio period\u00edstico apoyado por diversas Inteligencias Artificiales (IA) ha perfilado a Jaime Allier Campuzano, magistrado oaxaque\u00f1o con m\u00e1s de tres d\u00e9cadas de experiencia, como el aspirante mejor calificado para ocupar un asiento en la Suprema Corte de Justicia de la Naci\u00f3n (SCJN).<\/p>\n\n\n\n<p>La revisi\u00f3n, realizada a partir de los perfiles p\u00fablicos de los candidatos registrados en la plataforma \u201cCon\u00f3celes\u201d del INE, consider\u00f3 variables como nivel acad\u00e9mico, experiencia laboral, producci\u00f3n editorial y aportaciones legislativas. A diferencia de ejercicios basados en popularidad, este enfoque prioriza los m\u00e9ritos profesionales y acad\u00e9micos de los postulantes.<\/p>\n\n\n\n<p>El an\u00e1lisis se complement\u00f3 con una consulta a distintas plataformas de IA reconocidas a nivel internacional, como Microsoft Copilot, DeepSeek y Google Gemini, que coincidieron en destacar al magistrado Allier Campuzano como la opci\u00f3n m\u00e1s s\u00f3lida por su trayectoria ininterrumpida de 35 a\u00f1os en el Poder Judicial de la Federaci\u00f3n, su doctorado y maestr\u00eda en Derecho, as\u00ed como por una amplia producci\u00f3n editorial, que incluye 10 libros en materias como derecho laboral, penal y protecci\u00f3n del patrimonio cultural.<\/p>\n\n\n\n<p>\u201cSu carrera demuestra una integraci\u00f3n s\u00f3lida entre la teor\u00eda y el ejercicio pr\u00e1ctico del Derecho\u201d, indic\u00f3 Microsoft Copilot.<\/p>\n\n\n\n<p>DeepSeek reforz\u00f3 esa conclusi\u00f3n al destacar tambi\u00e9n distinciones como el Premio INAH 2007 por su labor en investigaci\u00f3n jur\u00eddica y su ascenso desde oficial judicial hasta magistrado de circuito, lo que refleja un conocimiento operativo y profundo del sistema judicial mexicano.<\/p>\n\n\n\n<p>Por su parte, Gemini (de Google) coloc\u00f3 al magistrado en el primer sitio en cuanto a experiencia judicial y grado acad\u00e9mico, e incluy\u00f3 en el grupo destacado a otros perfiles como \u00c1ngel Mario Garc\u00eda Guerra, Ricardo Gardu\u00f1o Pasten y Sergio Javier Molina Mart\u00ednez, todos con antecedentes como jueces o magistrados federales.<\/p>\n\n\n\n<p>Uno de los elementos diferenciadores del perfil de Allier Campuzano es su iniciativa ciudadana para proteger legalmente la Guelaguetza, considerada patrimonio cultural. La propuesta fue presentada tras resistencias del Congreso local y solo se materializ\u00f3 tras dos amparos, lo que deriv\u00f3 en su promulgaci\u00f3n como ley en 2020. Solo otro aspirante, Eduardo Santill\u00e1n P\u00e9rez, cuenta con antecedentes legislativos tras haber sido diputado local en la Ciudad de M\u00e9xico.<\/p>\n\n\n\n<p>El proceso para elegir a nuevos ministros de la SCJN ha sido criticado por la falta de espacios p\u00fablicos de discusi\u00f3n y contraste entre candidaturas. Hasta ahora, el INE no ha promovido debates, ni ha utilizado los canales de radio y televisi\u00f3n p\u00fablicos para fomentar el voto informado.<\/p>\n\n\n\n<p>En ese sentido, la IA Gemini advierte que el nivel de preparaci\u00f3n de los ministros de la Corte impacta directamente en la calidad de la justicia y la confianza ciudadana en el sistema legal mexicano. Subraya que una SCJN s\u00f3lida es fundamental para garantizar la correcta interpretaci\u00f3n de la Constituci\u00f3n y la protecci\u00f3n de los derechos fundamentales.<\/p>\n\n\n\n<p>\u201cLa experiencia, el conocimiento y la integridad de los ministros tienen un impacto directo en la calidad de la justicia y la confianza de la ciudadan\u00eda en el sistema judicial\u201d, concluy\u00f3.<\/p>\n\n\n\n<p>Este ejercicio, aunque limitado, ofrece una herramienta para que el electorado pueda ejercer un voto m\u00e1s informado, en un contexto donde la transparencia institucional ha sido, hasta ahora, insuficiente.<\/p>\n\n\n\n<p>La informaci\u00f3n fue recabada de los CV\u00b4s proporcionados por los mismos candidatos al Instituto Nacional Electoral y publicados en el micrositio \u201ccon\u00f3celes\u201d de dicho organismo entre el 16 y el 17 de abril de 2025. El grado m\u00e1ximo de estudios considera al Derecho como materia preponderante. Por razones de espacio se incluyen hasta dos reconocimientos. Cursos y tiempo de ejercicio de docencia solamente son citados de acuerdo a los datos disponibles. Los libros considerados son aquellos de autor\u00eda individual sobre Derecho.En el rubro de premios y distinciones no se consider\u00f3 reconocimientos por asistencia y\/o participaciones en foros y\/o congresos. Cabe se\u00f1alar que las IA\u00b4s Grok de la red social X y ChatGPT en la consulta no arrojaron resultados se\u00f1alando que no contaban con informaci\u00f3n suficiente para hacer una valoraci\u00f3n.<\/p>\n","protected":false},"excerpt":{"rendered":"<p>Raymundo Morales\/Zona Roja. Oaxaca de Ju\u00e1rez, Oax., a 10 de mayo de 2025.- En medio&hellip;<\/p>\n","protected":false},"author":2,"featured_media":80189,"comment_status":"closed","ping_status":"open","sticky":false,"template":"","format":"standard","meta":{"_lmt_disableupdate":"","_lmt_disable":"","_jetpack_memberships_contains_paid_content":false,"footnotes":""},"categories":[109,46],"tags":[4263],"class_list":["post-80188","post","type-post","status-publish","format-standard","has-post-thumbnail","hentry","category-minuto-a-minuto","category-zona-blanca","tag-jaime-allier-campuzano"],"jetpack_featured_media_url":"https:\/\/zonaroja.com.mx\/wp-content\/uploads\/2025\/05\/Jaime-Allier-Campuzano-1.jpg","jetpack_sharing_enabled":true,"_links":{"self":[{"href":"https:\/\/zonaroja.com.mx\/index.php?rest_route=\/wp\/v2\/posts\/80188","targetHints":{"allow":["GET"]}}],"collection":[{"href":"https:\/\/zonaroja.com.mx\/index.php?rest_route=\/wp\/v2\/posts"}],"about":[{"href":"https:\/\/zonaroja.com.mx\/index.php?rest_route=\/wp\/v2\/types\/post"}],"author":[{"embeddable":true,"href":"https:\/\/zonaroja.com.mx\/index.php?rest_route=\/wp\/v2\/users\/2"}],"replies":[{"embeddable":true,"href":"https:\/\/zonaroja.com.mx\/index.php?rest_route=%2Fwp%2Fv2%2Fcomments&post=80188"}],"version-history":[{"count":1,"href":"https:\/\/zonaroja.com.mx\/index.php?rest_route=\/wp\/v2\/posts\/80188\/revisions"}],"predecessor-version":[{"id":80190,"href":"https:\/\/zonaroja.com.mx\/index.php?rest_route=\/wp\/v2\/posts\/80188\/revisions\/80190"}],"wp:featuredmedia":[{"embeddable":true,"href":"https:\/\/zonaroja.com.mx\/index.php?rest_route=\/wp\/v2\/media\/80189"}],"wp:attachment":[{"href":"https:\/\/zonaroja.com.mx\/index.php?rest_route=%2Fwp%2Fv2%2Fmedia&parent=80188"}],"wp:term":[{"taxonomy":"category","embeddable":true,"href":"https:\/\/zonaroja.com.mx\/index.php?rest_route=%2Fwp%2Fv2%2Fcategories&post=80188"},{"taxonomy":"post_tag","embeddable":true,"href":"https:\/\/zonaroja.com.mx\/index.php?rest_route=%2Fwp%2Fv2%2Ftags&post=80188"}],"curies":[{"name":"wp","href":"https:\/\/api.w.org\/{rel}","templated":true}]}}