{"id":80194,"date":"2025-05-10T18:22:00","date_gmt":"2025-05-11T00:22:00","guid":{"rendered":"https:\/\/zonaroja.com.mx\/?p=80194"},"modified":"2025-05-10T17:23:14","modified_gmt":"2025-05-10T23:23:14","slug":"detienen-a-dos-presuntos-secuestradores-en-san-bartolo-coyotepec","status":"publish","type":"post","link":"https:\/\/zonaroja.com.mx\/?p=80194","title":{"rendered":"Detienen a dos presuntos secuestradores en San Bartolo Coyotepec"},"content":{"rendered":"\n<p>Redacci\u00f3n\/Zona Roja.&nbsp;<\/p>\n\n\n\n<p>Oaxaca de Ju\u00e1rez, Oax., a 10 de mayo de 2025.- Como parte de las labores de investigaci\u00f3n ministerial para el combate de los delitos de alto impacto, la Fiscal\u00eda General del Estado de Oaxaca (FGEO) ejecut\u00f3 una orden de aprehensi\u00f3n contra dos personas del sexo masculino identificadas como B.M.C. y J.C.H.C., por el delito de secuestro agravado, cometido en un municipio al sur de la capital oaxaque\u00f1a.<\/p>\n\n\n\n<p>De acuerdo con la denuncia presentada, la v\u00edctima fue interceptada por un par de personas el 29 de abril de 2025, en inmediaciones del municipio de San Bartolo Coyotepec, para despu\u00e9s privarlos ilegalmente de la libertad y enseguida trasladarlo hacia una casa de seguridad localizada en otra poblaci\u00f3n.<\/p>\n\n\n\n<p>El expediente penal del caso precisa que los secuestradores contactaron a los familiares de la v\u00edctima para exigir una suma de dinero a cambio de su liberaci\u00f3n, quien finalmente qued\u00f3 en libertad.&nbsp;<\/p>\n\n\n\n<p>Derivado de las investigaciones a cargo de la Unidad Especializada de Combate al Secuestro (UECS), de la Fiscal\u00eda Especializada para la Atenci\u00f3n a Delitos de Alto Impacto, se obtuvo una orden de aprehensi\u00f3n contra B.M.C. y J.C.H.C., quienes fueron detenidos para despu\u00e9s quedar a disposici\u00f3n de la autoridad ministerial competente.<\/p>\n\n\n\n<p>En delitos de alto impacto, la denuncia es clave para la actuaci\u00f3n inmediata de la Fiscal\u00eda de Oaxaca que emplea t\u00e9cnica de investigaci\u00f3n e inteligencia para castigar la comisi\u00f3n de este tipo de il\u00edcitos con el objetivo de que las v\u00edctimas tengan pleno acceso a la justicia.<\/p>\n","protected":false},"excerpt":{"rendered":"<p>Redacci\u00f3n\/Zona Roja.&nbsp; Oaxaca de Ju\u00e1rez, Oax., a 10 de mayo de 2025.- Como parte de&hellip;<\/p>\n","protected":false},"author":2,"featured_media":80195,"comment_status":"closed","ping_status":"open","sticky":false,"template":"","format":"standard","meta":{"_lmt_disableupdate":"","_lmt_disable":"","_jetpack_memberships_contains_paid_content":false,"footnotes":""},"categories":[109,46],"tags":[494],"class_list":["post-80194","post","type-post","status-publish","format-standard","has-post-thumbnail","hentry","category-minuto-a-minuto","category-zona-blanca","tag-fiscalia-general-del-estado-de-oaxaca"],"jetpack_featured_media_url":"https:\/\/zonaroja.com.mx\/wp-content\/uploads\/2025\/05\/Detenidos-secuestradores-San-Bartolo-Coyotepec.jpg","jetpack_sharing_enabled":true,"_links":{"self":[{"href":"https:\/\/zonaroja.com.mx\/index.php?rest_route=\/wp\/v2\/posts\/80194","targetHints":{"allow":["GET"]}}],"collection":[{"href":"https:\/\/zonaroja.com.mx\/index.php?rest_route=\/wp\/v2\/posts"}],"about":[{"href":"https:\/\/zonaroja.com.mx\/index.php?rest_route=\/wp\/v2\/types\/post"}],"author":[{"embeddable":true,"href":"https:\/\/zonaroja.com.mx\/index.php?rest_route=\/wp\/v2\/users\/2"}],"replies":[{"embeddable":true,"href":"https:\/\/zonaroja.com.mx\/index.php?rest_route=%2Fwp%2Fv2%2Fcomments&post=80194"}],"version-history":[{"count":1,"href":"https:\/\/zonaroja.com.mx\/index.php?rest_route=\/wp\/v2\/posts\/80194\/revisions"}],"predecessor-version":[{"id":80196,"href":"https:\/\/zonaroja.com.mx\/index.php?rest_route=\/wp\/v2\/posts\/80194\/revisions\/80196"}],"wp:featuredmedia":[{"embeddable":true,"href":"https:\/\/zonaroja.com.mx\/index.php?rest_route=\/wp\/v2\/media\/80195"}],"wp:attachment":[{"href":"https:\/\/zonaroja.com.mx\/index.php?rest_route=%2Fwp%2Fv2%2Fmedia&parent=80194"}],"wp:term":[{"taxonomy":"category","embeddable":true,"href":"https:\/\/zonaroja.com.mx\/index.php?rest_route=%2Fwp%2Fv2%2Fcategories&post=80194"},{"taxonomy":"post_tag","embeddable":true,"href":"https:\/\/zonaroja.com.mx\/index.php?rest_route=%2Fwp%2Fv2%2Ftags&post=80194"}],"curies":[{"name":"wp","href":"https:\/\/api.w.org\/{rel}","templated":true}]}}