{"id":80197,"date":"2025-05-11T07:45:00","date_gmt":"2025-05-11T13:45:00","guid":{"rendered":"https:\/\/zonaroja.com.mx\/?p=80197"},"modified":"2025-05-11T06:59:56","modified_gmt":"2025-05-11T12:59:56","slug":"ampliaran-vialidades-peatonales-en-el-centro-historico-de-oaxaca","status":"publish","type":"post","link":"https:\/\/zonaroja.com.mx\/?p=80197","title":{"rendered":"Ampliar\u00e1n vialidades peatonales en el Centro Hist\u00f3rico de Oaxaca"},"content":{"rendered":"\n<p>Redacci\u00f3n\/Zona Roja.&nbsp;<\/p>\n\n\n\n<p>Oaxaca de Ju\u00e1rez, Oax., a 11 de mayo de 2025.- El gobierno de Oaxaca y el ayuntamiento capitalino iniciaron ayer obras de ampliaci\u00f3n de vialidades peatonales en el Centro Hist\u00f3rico de la ciudad.<\/p>\n\n\n\n<p>Los trabajos de mejoramiento que se desarrollar\u00e1n durante los pr\u00f3ximos dos meses, abarcan cuatro cuadras para hacerlas m\u00e1s funcionales, accesibles y seguras.<\/p>\n\n\n\n<p>Por ello, se intervendr\u00e1 la segunda calle de Las Casas y la segunda calle de Aldama, ambas ubicadas frente al mercado \u201cBenito Ju\u00e1rez\u201d. A este esfuerzo se suma el municipio de Oaxaca de Ju\u00e1rez, que trabajar\u00e1 en la primera calle de Las Casas y la primera calle de Col\u00f3n.<\/p>\n\n\n\n<p>Este s\u00e1bado, el gobernador Salom\u00f3n Jara Cruz dio inicio a las obras, segunda etapa del programa \u201cOaxaca Camina\u201d, acompa\u00f1ado de funcionarios estatales y municipales.&nbsp;<\/p>\n\n\n\n<p>\u201cQueremos que tanto las y los oaxaque\u00f1os, como quienes nos visitan, tengan una mejor percepci\u00f3n de este Patrimonio Hist\u00f3rico vivo que es orgullo de todas y todos. Este es un paso m\u00e1s hacia una ciudad de Oaxaca m\u00e1s accesible y viva, donde la modernidad y la tradici\u00f3n caminen juntas\u201d, afirm\u00f3.&nbsp;<\/p>\n\n\n\n<p>Cabe destacar que en este proyecto de intervenci\u00f3n se trabajar\u00e1 en estrecha coordinaci\u00f3n con el Instituto Nacional de Antropolog\u00eda e Historia (INAH) y el Instituto del Patrimonio Cultural del Estado de Oaxaca (Inpac), toda vez que se llevar\u00e1 a cabo la sustituci\u00f3n de banquetas a base de cantera verde y se integrar\u00e1 mobiliario urbano moderno; acompa\u00f1ado de la colocaci\u00f3n de \u00e1rboles y se\u00f1al\u00e9tica adecuada para embellecer el entorno.<\/p>\n\n\n\n<p>PASO FIRME<\/p>\n\n\n\n<p>En su oportunidad, el presidente municipal de Oaxaca de Ju\u00e1rez, Raymundo Chagoya expres\u00f3 que mediante esta suma de esfuerzos se da un paso firme en el proceso de transformaci\u00f3n de la ciudad, para devolverle a la poblaci\u00f3n y visitantes, el derecho a caminar, convivir y vivir dignamente el espacio p\u00fablico.<\/p>\n\n\n\n<p>\u201cEstas obras significan mejores condiciones para las y los comerciantes, mayor seguridad, mejor accesibilidad y un entorno m\u00e1s ordenado y limpio\u201d, dijo.<\/p>\n\n\n\n<p>La intervenci\u00f3n en las cuatro calles del Centro Hist\u00f3rico implicar\u00e1 la ampliaci\u00f3n de las banquetas para priorizar al peat\u00f3n; no obstante se conservar\u00e1 el paso vehicular en un solo carril para no afectar la movilidad privada y de servicios.<\/p>\n\n\n\n<p>Para mejorar la movilidad de las personas con discapacidad, los trabajos se complementar\u00e1n con gu\u00edas t\u00e1ctiles para quienes padecen de discapacidad visual, rampas de ascenso y descenso, y cajones exclusivos de estacionamiento.<\/p>\n\n\n\n<p>Asimismo, y toda vez que las calles a intervenir tienen una alta din\u00e1mica comercial, se habilitar\u00e1n espacios adecuados para la carga y descarga de mercanc\u00edas. Tambi\u00e9n se rehabilitar\u00e1 de manera integral el sistema de drenaje, mejorando la infraestructura subterr\u00e1nea.<\/p>\n","protected":false},"excerpt":{"rendered":"<p>Redacci\u00f3n\/Zona Roja.&nbsp; Oaxaca de Ju\u00e1rez, Oax., a 11 de mayo de 2025.- El gobierno de&hellip;<\/p>\n","protected":false},"author":2,"featured_media":80198,"comment_status":"closed","ping_status":"open","sticky":false,"template":"","format":"standard","meta":{"_lmt_disableupdate":"","_lmt_disable":"","_jetpack_memberships_contains_paid_content":false,"footnotes":""},"categories":[109,46],"tags":[939],"class_list":["post-80197","post","type-post","status-publish","format-standard","has-post-thumbnail","hentry","category-minuto-a-minuto","category-zona-blanca","tag-salomon-jara-cruz"],"jetpack_featured_media_url":"https:\/\/zonaroja.com.mx\/wp-content\/uploads\/2025\/05\/Obras-vialidades-centro-historico-ciudad-de-Oaxaca-salomon-jara.jpg","jetpack_sharing_enabled":true,"_links":{"self":[{"href":"https:\/\/zonaroja.com.mx\/index.php?rest_route=\/wp\/v2\/posts\/80197","targetHints":{"allow":["GET"]}}],"collection":[{"href":"https:\/\/zonaroja.com.mx\/index.php?rest_route=\/wp\/v2\/posts"}],"about":[{"href":"https:\/\/zonaroja.com.mx\/index.php?rest_route=\/wp\/v2\/types\/post"}],"author":[{"embeddable":true,"href":"https:\/\/zonaroja.com.mx\/index.php?rest_route=\/wp\/v2\/users\/2"}],"replies":[{"embeddable":true,"href":"https:\/\/zonaroja.com.mx\/index.php?rest_route=%2Fwp%2Fv2%2Fcomments&post=80197"}],"version-history":[{"count":1,"href":"https:\/\/zonaroja.com.mx\/index.php?rest_route=\/wp\/v2\/posts\/80197\/revisions"}],"predecessor-version":[{"id":80199,"href":"https:\/\/zonaroja.com.mx\/index.php?rest_route=\/wp\/v2\/posts\/80197\/revisions\/80199"}],"wp:featuredmedia":[{"embeddable":true,"href":"https:\/\/zonaroja.com.mx\/index.php?rest_route=\/wp\/v2\/media\/80198"}],"wp:attachment":[{"href":"https:\/\/zonaroja.com.mx\/index.php?rest_route=%2Fwp%2Fv2%2Fmedia&parent=80197"}],"wp:term":[{"taxonomy":"category","embeddable":true,"href":"https:\/\/zonaroja.com.mx\/index.php?rest_route=%2Fwp%2Fv2%2Fcategories&post=80197"},{"taxonomy":"post_tag","embeddable":true,"href":"https:\/\/zonaroja.com.mx\/index.php?rest_route=%2Fwp%2Fv2%2Ftags&post=80197"}],"curies":[{"name":"wp","href":"https:\/\/api.w.org\/{rel}","templated":true}]}}