{"id":80200,"date":"2025-05-11T08:45:00","date_gmt":"2025-05-11T14:45:00","guid":{"rendered":"https:\/\/zonaroja.com.mx\/?p=80200"},"modified":"2025-05-11T07:15:54","modified_gmt":"2025-05-11T13:15:54","slug":"matan-a-balazos-a-dos-personas-en-la-region-del-istmo","status":"publish","type":"post","link":"https:\/\/zonaroja.com.mx\/?p=80200","title":{"rendered":"Matan a balazos a dos personas en la regi\u00f3n del Istmo"},"content":{"rendered":"\n<p>Raymundo Morales\/Zona Roja.<\/p>\n\n\n\n<p>Oaxaca de Ju\u00e1rez, Oax., a 11 de mayo de 2025.- Anoche fue asesinado a balazos el regidor de Educaci\u00f3n del municipio de Santiago Niltepec, identificado como David C. C.<\/p>\n\n\n\n<p>De acuerdo con reportes policiacos, el individuo fue abatido por parte de un grupo armado, en la rancher\u00eda de Santo Domingo de Guzm\u00e1n, mientras hac\u00eda recorridos para repartir regalos a las madres, acompa\u00f1ado de su hija.<\/p>\n\n\n\n<p>David C. C. fue candidato a candidato a presidente municipal de Niltepec por el Partido del Trabajo y hasta el momento se desconoce la identidad de los agresores, as\u00ed como el m\u00f3vil del crimen.<\/p>\n\n\n\n<p>EN EL ESPINAL<\/p>\n\n\n\n<p>Por otra parte, anoche una persona del sexo masculino fue ejecutada en el municipio de El Espinal, demarcaci\u00f3n colindante con Juchit\u00e1n de Zaragoza.<\/p>\n\n\n\n<p>La v\u00edctima identificada como Roque S., de 58 a\u00f1os de edad, fue atacada a balazos en su domicilio, ubicado e la calle 5 de Mayo; muri\u00f3 durante el traslado a un hospital.<\/p>\n\n\n\n<p>De nueva cuenta no hay personas detenidas por este crimen, pues en dicho municipio se realiz\u00f3 anoche un baila popular, donde se concentraron todos los polic\u00edas.<\/p>\n\n\n\n<p>Cabe recordar que apenas el pasado viernes 9 de mayo fue ejecutada otra persona del sexo masculino en El Espinal, identificada como Giovanni \u201cN\u201d, frente a su domicilio ubicado en el barrio Tercera Secci\u00f3n.<\/p>\n\n\n\n<p>Le dejaron adem\u00e1s un presunto \u201cnarcomensaje\u201d, cuyo contenido no ha sido revelado hasta el momento.<\/p>\n","protected":false},"excerpt":{"rendered":"<p>Raymundo Morales\/Zona Roja. Oaxaca de Ju\u00e1rez, Oax., a 11 de mayo de 2025.- Anoche fue&hellip;<\/p>\n","protected":false},"author":2,"featured_media":69341,"comment_status":"closed","ping_status":"open","sticky":false,"template":"","format":"standard","meta":{"_lmt_disableupdate":"","_lmt_disable":"","_jetpack_memberships_contains_paid_content":false,"footnotes":""},"categories":[109,51],"tags":[1088,3262],"class_list":["post-80200","post","type-post","status-publish","format-standard","has-post-thumbnail","hentry","category-minuto-a-minuto","category-zona-roja","tag-el-espinal","tag-santiago-niltepec"],"jetpack_featured_media_url":"https:\/\/zonaroja.com.mx\/wp-content\/uploads\/2024\/06\/Escena-ejecucion-crimen-homicidio.jpg","jetpack_sharing_enabled":true,"_links":{"self":[{"href":"https:\/\/zonaroja.com.mx\/index.php?rest_route=\/wp\/v2\/posts\/80200","targetHints":{"allow":["GET"]}}],"collection":[{"href":"https:\/\/zonaroja.com.mx\/index.php?rest_route=\/wp\/v2\/posts"}],"about":[{"href":"https:\/\/zonaroja.com.mx\/index.php?rest_route=\/wp\/v2\/types\/post"}],"author":[{"embeddable":true,"href":"https:\/\/zonaroja.com.mx\/index.php?rest_route=\/wp\/v2\/users\/2"}],"replies":[{"embeddable":true,"href":"https:\/\/zonaroja.com.mx\/index.php?rest_route=%2Fwp%2Fv2%2Fcomments&post=80200"}],"version-history":[{"count":1,"href":"https:\/\/zonaroja.com.mx\/index.php?rest_route=\/wp\/v2\/posts\/80200\/revisions"}],"predecessor-version":[{"id":80201,"href":"https:\/\/zonaroja.com.mx\/index.php?rest_route=\/wp\/v2\/posts\/80200\/revisions\/80201"}],"wp:featuredmedia":[{"embeddable":true,"href":"https:\/\/zonaroja.com.mx\/index.php?rest_route=\/wp\/v2\/media\/69341"}],"wp:attachment":[{"href":"https:\/\/zonaroja.com.mx\/index.php?rest_route=%2Fwp%2Fv2%2Fmedia&parent=80200"}],"wp:term":[{"taxonomy":"category","embeddable":true,"href":"https:\/\/zonaroja.com.mx\/index.php?rest_route=%2Fwp%2Fv2%2Fcategories&post=80200"},{"taxonomy":"post_tag","embeddable":true,"href":"https:\/\/zonaroja.com.mx\/index.php?rest_route=%2Fwp%2Fv2%2Ftags&post=80200"}],"curies":[{"name":"wp","href":"https:\/\/api.w.org\/{rel}","templated":true}]}}