{"id":80215,"date":"2025-05-11T11:35:00","date_gmt":"2025-05-11T17:35:00","guid":{"rendered":"https:\/\/zonaroja.com.mx\/?p=80215"},"modified":"2025-05-11T07:36:59","modified_gmt":"2025-05-11T13:36:59","slug":"india-y-pakistan-acuerdan-alto-al-fuego-tras-conversaciones-con-eu","status":"publish","type":"post","link":"https:\/\/zonaroja.com.mx\/?p=80215","title":{"rendered":"India y Pakist\u00e1n acuerdan alto al fuego tras conversaciones con EU"},"content":{"rendered":"\n<p>Redacci\u00f3n\/Zona Roja Cdmx.<\/p>\n\n\n\n<p>Ciudad de M\u00e9xico, a 11 de mayo de 2025.- India y Pakist\u00e1n confirmaron el s\u00e1bado un acuerdo de alto el fuego tras conversaciones dirigidas por Estados Unidos para poner fin al conflicto entre los rivales con armas nucleares.<\/p>\n\n\n\n<p>El anuncio se produce tras semanas de enfrentamientos y ataques con misiles y drones a lo largo de su frontera, provocados por una masacre con armas de fuego contra turistas el mes pasado, de la que India culpa a Pakist\u00e1n, que neg\u00f3 la acusaci\u00f3n. Fue su confrontaci\u00f3n m\u00e1s grave en d\u00e9cadas y dej\u00f3 decenas de civiles muertos en ambos lados.<\/p>\n\n\n\n<p>El primero en reportar la tregua fue el presidente de Estados Unidos, Donald Trump, quien public\u00f3 un mensaje en su red social Truth Social en el que dec\u00eda estar contento de anunciar que India y Pakist\u00e1n hab\u00edan acordado un alto el fuego completo e inmediato. \u201cFelicitaciones a ambos pa\u00edses por usar el sentido com\u00fan y gran inteligencia. \u00a1Gracias por su atenci\u00f3n a este asunto!\u201d<\/p>\n\n\n\n<p>El ministro de Exteriores de Pakist\u00e1n dijo que su pa\u00eds considerar\u00eda rebajar las tensiones si India detiene sus ataques. Ishaq Dar advirti\u00f3 tambi\u00e9n que la naci\u00f3n vecina lanza alg\u00fan ataque, \u201cnuestra respuesta no se har\u00e1 esperar\u201d.<\/p>\n\n\n\n<p>En declaraciones al canal paquistan\u00ed Geo News, Dar dijo que tambi\u00e9n transmiti\u00f3 el mensaje al secretario de Estado de Estados Unidos, Marco Rubio, cuando este se puso en contacto con \u00e9l despu\u00e9s de hablar con Nueva Delhi.<\/p>\n\n\n\n<p>\u00abRespondimos porque nuestra paciencia hab\u00eda llegado a su l\u00edmite. Si se detienen, nosotros tambi\u00e9n consideraremos detenernos\u00bb, manifest\u00f3.<\/p>\n\n\n\n<p>India dijo que atac\u00f3 bases militares paquistan\u00edes despu\u00e9s de que Islamabad dispar\u00f3 varios misiles de alta velocidad contra infraestructura militar y civil en el estado de Punyab a primera hora del s\u00e1bado.<\/p>\n\n\n\n<p>Pakist\u00e1n hab\u00eda reportado antes en el d\u00eda que intercept\u00f3 la mayor\u00eda de los misiles y que lanz\u00f3 ataques de represalia contra India.<\/p>\n\n\n\n<p>Rubio habl\u00f3 con su hom\u00f3logo indio, Subrahmanyam Jaishankar, y enfatiz\u00f3 que \u201cambas partes deben identificar m\u00e9todos para reducir la tensi\u00f3n y restablecer la comunicaci\u00f3n directa para evitar errores de c\u00e1lculo\u201d, se\u00f1al\u00f3 la portavoz del Departamento de Estado, Tammy Bruce, en un comunicado el s\u00e1bado. Adem\u00e1s, ofreci\u00f3 el respaldo de Washington para facilitar \u201cdiscusiones productivas\u201d.<\/p>\n\n\n\n<p>La coronel india Sofiya Qureshi se\u00f1al\u00f3 en una conferencia de prensa en Nueva Delhi que Islamabad atac\u00f3 tambi\u00e9n instalaciones sanitarias y escuelas en sus tres bases a\u00e9reas en la Cachemira controlada por India. \u201cSe ha dado una respuesta adecuada a las acciones de Pakist\u00e1n\u201d, afirm\u00f3.<\/p>\n\n\n\n<p>La comandante Vyomika Singh, quien tambi\u00e9n estuvo presente en la rueda de prensa, dijo que India estaba comprometida con la \u201cno escalada, siempre que la parte paquistan\u00ed corresponda\u201d. Sin embargo, se observ\u00f3 que las fuerzas terrestres paquistan\u00edes se estaban desplazando hacia \u00e1reas avanzadas, apunt\u00f3, lo que \u00abindican una intenci\u00f3n ofensiva de continuar la escalda\u00bb.<\/p>\n\n\n\n<p>\u201cLas fuerzas armadas indias se mantienen en estado de m\u00e1xima alerta\u00bb, a\u00f1adi\u00f3.<\/p>\n\n\n\n<p>(Informaci\u00f3n de la agencia AP en \u201cMilenio\u201d)<\/p>\n","protected":false},"excerpt":{"rendered":"<p>Redacci\u00f3n\/Zona Roja Cdmx. Ciudad de M\u00e9xico, a 11 de mayo de 2025.- India y Pakist\u00e1n&hellip;<\/p>\n","protected":false},"author":2,"featured_media":80216,"comment_status":"closed","ping_status":"open","sticky":false,"template":"","format":"standard","meta":{"_lmt_disableupdate":"","_lmt_disable":"","_jetpack_memberships_contains_paid_content":false,"footnotes":""},"categories":[109,47],"tags":[],"class_list":["post-80215","post","type-post","status-publish","format-standard","has-post-thumbnail","hentry","category-minuto-a-minuto","category-zona-gris"],"jetpack_featured_media_url":"https:\/\/zonaroja.com.mx\/wp-content\/uploads\/2025\/05\/India-Pakistan.webp","jetpack_sharing_enabled":true,"_links":{"self":[{"href":"https:\/\/zonaroja.com.mx\/index.php?rest_route=\/wp\/v2\/posts\/80215","targetHints":{"allow":["GET"]}}],"collection":[{"href":"https:\/\/zonaroja.com.mx\/index.php?rest_route=\/wp\/v2\/posts"}],"about":[{"href":"https:\/\/zonaroja.com.mx\/index.php?rest_route=\/wp\/v2\/types\/post"}],"author":[{"embeddable":true,"href":"https:\/\/zonaroja.com.mx\/index.php?rest_route=\/wp\/v2\/users\/2"}],"replies":[{"embeddable":true,"href":"https:\/\/zonaroja.com.mx\/index.php?rest_route=%2Fwp%2Fv2%2Fcomments&post=80215"}],"version-history":[{"count":1,"href":"https:\/\/zonaroja.com.mx\/index.php?rest_route=\/wp\/v2\/posts\/80215\/revisions"}],"predecessor-version":[{"id":80217,"href":"https:\/\/zonaroja.com.mx\/index.php?rest_route=\/wp\/v2\/posts\/80215\/revisions\/80217"}],"wp:featuredmedia":[{"embeddable":true,"href":"https:\/\/zonaroja.com.mx\/index.php?rest_route=\/wp\/v2\/media\/80216"}],"wp:attachment":[{"href":"https:\/\/zonaroja.com.mx\/index.php?rest_route=%2Fwp%2Fv2%2Fmedia&parent=80215"}],"wp:term":[{"taxonomy":"category","embeddable":true,"href":"https:\/\/zonaroja.com.mx\/index.php?rest_route=%2Fwp%2Fv2%2Fcategories&post=80215"},{"taxonomy":"post_tag","embeddable":true,"href":"https:\/\/zonaroja.com.mx\/index.php?rest_route=%2Fwp%2Fv2%2Ftags&post=80215"}],"curies":[{"name":"wp","href":"https:\/\/api.w.org\/{rel}","templated":true}]}}