{"id":80219,"date":"2025-05-11T12:25:29","date_gmt":"2025-05-11T18:25:29","guid":{"rendered":"https:\/\/zonaroja.com.mx\/?p=80219"},"modified":"2025-05-11T12:25:29","modified_gmt":"2025-05-11T18:25:29","slug":"que-tal-edil-de-san-antonio-de-la-cal-contrata-stripers-para-el-dia-de-las-madres","status":"publish","type":"post","link":"https:\/\/zonaroja.com.mx\/?p=80219","title":{"rendered":"\u00bfQu\u00e9 tal? Edil de San Antonio de la Cal contrata \u201cstripers\u201d para el D\u00eda de las Madres"},"content":{"rendered":"\n<p>Raymundo Morales\/Zona Roja.&nbsp;<\/p>\n\n\n\n<p>Oaxaca de Ju\u00e1rez, Oax., a 11 de mayo de 2025.- Colectivos de defensores de los derechos de la mujer, denunciaron que Porfirio Santos Mat\u00edas, presidente municipal de San Antonio de la Cal, conurbado a la capital oaxaque\u00f1a, contrat\u00f3 \u201cstripers\u201d para festejar el D\u00eda de las Madres.<\/p>\n\n\n\n<p>En las redes sociales se han difundido im\u00e1genes respecto al festejo, efectuado en dicho municipio, lo cual ha sido criticado por las familias de esa localidad.<\/p>\n\n\n\n<p>Y es que la condici\u00f3n que puso el edil, electo por el r\u00e9gimen de usos y costumbres, es que las mujeres participaran en un baile sensual, con alguna postura sexual, para ganarse un regalo.<\/p>\n\n\n\n<p>El evento ha resurgido la discusi\u00f3n p\u00fablica sobre la conducci\u00f3n pol\u00edtica y social de uno de los municipios conurbados m\u00e1s pobres de la entidad.&nbsp;<\/p>\n\n\n\n<p>Se\u00f1alan que lo que deb\u00eda ser una celebraci\u00f3n comunitaria, termin\u00f3 convirti\u00e9ndose en un espect\u00e1culo que encendi\u00f3 a las madres de familia, protagonizado por la contrataci\u00f3n de bailarines que recostaron a las madres en posiciones sexuales frente a la mirada de ni\u00f1os y p\u00fablico en general.&nbsp;<\/p>\n\n\n\n<p>Mientras tanto, calles permanecen sin pavimentar, colonias carecen de servicios b\u00e1sicos y la inseguridad crece, el gobierno local opt\u00f3 por gastar recursos p\u00fablicos en eventos de dudosa prioridad, en el marco de una reelecci\u00f3n que muchos consideran desesperada.<\/p>\n\n\n\n<p>Lo delicado tambi\u00e9n, denuncian colectivos, es que durante esa actividad hubo menores de edad, que presenciaron el espect\u00e1culo que calificaron como denigrante para las propias mujeres.&nbsp;<\/p>\n\n\n\n<p>Las cr\u00edticas a Porfirio Santos Mat\u00edas no son nuevas. Durante su gesti\u00f3n, vecinos han denunciado falta de transparencia, incumplimiento de obras prometidas y ausencia de mecanismos participativos.&nbsp;<\/p>\n\n\n\n<p>Las convocatorias a asambleas \u2014esenciales para un municipio que hist\u00f3ricamente se ha regido por usos y costumbres\u2014 han sido ignoradas o manipuladas, profundizando la desconfianza ciudadana.<\/p>\n\n\n\n<p>Adem\u00e1s, el presupuesto que recibe San Antonio de la Cal no se refleja en obras p\u00fablicas significativas ni en pol\u00edticas sociales con impacto.&nbsp;<\/p>\n\n\n\n<p>\u201cEn su lugar, el gobierno municipal parece estar apostando a una estrategia de clientelismo disfrazado de festividades, en un intento por sostener una imagen popular que ya no convence a una ciudadan\u00eda cada vez m\u00e1s cr\u00edtica y exigente\u201d, exponen.&nbsp;<\/p>\n","protected":false},"excerpt":{"rendered":"<p>Raymundo Morales\/Zona Roja.&nbsp; Oaxaca de Ju\u00e1rez, Oax., a 11 de mayo de 2025.- Colectivos de&hellip;<\/p>\n","protected":false},"author":2,"featured_media":80218,"comment_status":"closed","ping_status":"open","sticky":false,"template":"","format":"standard","meta":{"_lmt_disableupdate":"","_lmt_disable":"","_jetpack_memberships_contains_paid_content":false,"footnotes":""},"categories":[109,47],"tags":[],"class_list":["post-80219","post","type-post","status-publish","format-standard","has-post-thumbnail","hentry","category-minuto-a-minuto","category-zona-gris"],"jetpack_featured_media_url":"https:\/\/zonaroja.com.mx\/wp-content\/uploads\/2025\/05\/b1d67916-ed0a-40ba-97f9-87822df61011-1.jpg","jetpack_sharing_enabled":true,"_links":{"self":[{"href":"https:\/\/zonaroja.com.mx\/index.php?rest_route=\/wp\/v2\/posts\/80219","targetHints":{"allow":["GET"]}}],"collection":[{"href":"https:\/\/zonaroja.com.mx\/index.php?rest_route=\/wp\/v2\/posts"}],"about":[{"href":"https:\/\/zonaroja.com.mx\/index.php?rest_route=\/wp\/v2\/types\/post"}],"author":[{"embeddable":true,"href":"https:\/\/zonaroja.com.mx\/index.php?rest_route=\/wp\/v2\/users\/2"}],"replies":[{"embeddable":true,"href":"https:\/\/zonaroja.com.mx\/index.php?rest_route=%2Fwp%2Fv2%2Fcomments&post=80219"}],"version-history":[{"count":1,"href":"https:\/\/zonaroja.com.mx\/index.php?rest_route=\/wp\/v2\/posts\/80219\/revisions"}],"predecessor-version":[{"id":80220,"href":"https:\/\/zonaroja.com.mx\/index.php?rest_route=\/wp\/v2\/posts\/80219\/revisions\/80220"}],"wp:featuredmedia":[{"embeddable":true,"href":"https:\/\/zonaroja.com.mx\/index.php?rest_route=\/wp\/v2\/media\/80218"}],"wp:attachment":[{"href":"https:\/\/zonaroja.com.mx\/index.php?rest_route=%2Fwp%2Fv2%2Fmedia&parent=80219"}],"wp:term":[{"taxonomy":"category","embeddable":true,"href":"https:\/\/zonaroja.com.mx\/index.php?rest_route=%2Fwp%2Fv2%2Fcategories&post=80219"},{"taxonomy":"post_tag","embeddable":true,"href":"https:\/\/zonaroja.com.mx\/index.php?rest_route=%2Fwp%2Fv2%2Ftags&post=80219"}],"curies":[{"name":"wp","href":"https:\/\/api.w.org\/{rel}","templated":true}]}}