{"id":80221,"date":"2025-05-11T18:43:24","date_gmt":"2025-05-12T00:43:24","guid":{"rendered":"https:\/\/zonaroja.com.mx\/?p=80221"},"modified":"2025-05-11T18:43:26","modified_gmt":"2025-05-12T00:43:26","slug":"comite-de-la-onu-emite-resolucion-por-caso-de-desaparicion-en-oaxaca","status":"publish","type":"post","link":"https:\/\/zonaroja.com.mx\/?p=80221","title":{"rendered":"Comit\u00e9 de la ONU emite resoluci\u00f3n por caso de desaparici\u00f3n en Oaxaca"},"content":{"rendered":"\n<p>Ismael Garc\u00eda M.\/Zona Roja.<\/p>\n\n\n\n<p>Oaxaca de Ju\u00e1rez, Oax., a 11 de mayo de 2025.- En su 28 periodo de sesiones, el Comit\u00e9 Contra la Desaparici\u00f3n Forzada de la ONU, demand\u00f3 al Estado Mexicano Llevar a cabo una pronta investigaci\u00f3n efectiva, exhaustiva, imparcial, independiente y transparente sobre las circunstancias de la desaparici\u00f3n de Alexis Mar\u00edn Ram\u00edrez.<\/p>\n\n\n\n<p>El d\u00eda 7 de noviembre del 2017, el joven de 20 a\u00f1os de edad fue desaparecido en el momento que circulaba sobre la carretera que comunica de la poblaci\u00f3n de San Miguel el Grande a la Heroica Ciudad de Tlaxiaco, a un kil\u00f3metro antes del poblado de Palo de Letra, Tlaxiaco.<\/p>\n\n\n\n<p>Por estos hechos se inici\u00f3 la Carpeta de Investigaci\u00f3n 1031\/(FEDAI)\/2017 ante la Unidad Especializada en el Combate al Secuestro de la Fiscal\u00eda Especializada para la Atenci\u00f3n a Delitos de Alto Impacto, as\u00ed mismo se inicio el Cuaderno de Antecedentes 03\/CCUEDF\/2019, ante el Agente del Ministerio P\u00fablico de la Unidad Especializada en Personas Desaparecidas de la Fiscal\u00eda General del Estado de Oaxaca.<\/p>\n\n\n\n<p>Con el apoyo del Centro de Derechos Humanos y Asesor\u00eda a Pueblos Ind\u00edgenas A.C., la se\u00f1ora Rosa Ram\u00edrez Barrios, madre de Alexis, se litig\u00f3 el caso a nivel internacional, para demandar justicia \u00e1gil y aparici\u00f3n con vida de dicha persona.<\/p>\n\n\n\n<p>Respecto a la comunicaci\u00f3n n\u00famero 05\/2021, el Comit\u00e9 de la ONU emiti\u00f3 el dictamen la semana pasada, en que solicita proporcionar a los autores informaci\u00f3n detallada sobre los progresos y resultados de dicha investigaci\u00f3n.&nbsp;<\/p>\n\n\n\n<p>Procesar, juzgar y sancionar a los autores y responsables de la desaparici\u00f3n forzada de Alexis Mar\u00edn Ram\u00edrez; adoptar todas las medidas apropiadas para buscar, localizar y liberar a Alexis Mar\u00edn Ram\u00edrez.<\/p>\n\n\n\n<p>Y, en caso de fallecimiento, localizar, respetar y restituir sus restos, considerando y respetando los patrones culturales espec\u00edficas de los autores como miembros de comunidades ind\u00edgenas. Conceder a los autores una reparaci\u00f3n integral, incluida y una indemnizaci\u00f3n pronta, justa y adecuada, de conformidad con los p\u00e1rrafos 4 y 5 del art\u00edculo 24 de la convenci\u00f3n.<\/p>\n\n\n\n<p>Establecer un mecanismo de coordinaci\u00f3n entre autoridades estatales, locales e ind\u00edgenas para la b\u00fasqueda e investigaci\u00f3n de desapariciones forzadas en la regi\u00f3n.<\/p>\n\n\n\n<p>El Comit\u00e9 de la ONU solicita al Estado parte que le informe, en un plazo de seis meses contados a partir de la fecha de transmisi\u00f3n del presente dictamen, sobre las medidas que haya adoptado con el fin de implementar las anteriores recomendaciones.<\/p>\n","protected":false},"excerpt":{"rendered":"<p>Ismael Garc\u00eda M.\/Zona Roja. Oaxaca de Ju\u00e1rez, Oax., a 11 de mayo de 2025.- En&hellip;<\/p>\n","protected":false},"author":2,"featured_media":80222,"comment_status":"closed","ping_status":"open","sticky":false,"template":"","format":"standard","meta":{"_lmt_disableupdate":"","_lmt_disable":"","_jetpack_memberships_contains_paid_content":false,"footnotes":""},"categories":[109,47],"tags":[818],"class_list":["post-80221","post","type-post","status-publish","format-standard","has-post-thumbnail","hentry","category-minuto-a-minuto","category-zona-gris","tag-centro-de-derechos-humanos-y-asesoria-a-pueblos-indigenas-cedhapi"],"jetpack_featured_media_url":"https:\/\/zonaroja.com.mx\/wp-content\/uploads\/2025\/05\/WhatsApp-Image-2025-05-10-at-10.42.11-AM.jpeg","jetpack_sharing_enabled":true,"_links":{"self":[{"href":"https:\/\/zonaroja.com.mx\/index.php?rest_route=\/wp\/v2\/posts\/80221","targetHints":{"allow":["GET"]}}],"collection":[{"href":"https:\/\/zonaroja.com.mx\/index.php?rest_route=\/wp\/v2\/posts"}],"about":[{"href":"https:\/\/zonaroja.com.mx\/index.php?rest_route=\/wp\/v2\/types\/post"}],"author":[{"embeddable":true,"href":"https:\/\/zonaroja.com.mx\/index.php?rest_route=\/wp\/v2\/users\/2"}],"replies":[{"embeddable":true,"href":"https:\/\/zonaroja.com.mx\/index.php?rest_route=%2Fwp%2Fv2%2Fcomments&post=80221"}],"version-history":[{"count":1,"href":"https:\/\/zonaroja.com.mx\/index.php?rest_route=\/wp\/v2\/posts\/80221\/revisions"}],"predecessor-version":[{"id":80223,"href":"https:\/\/zonaroja.com.mx\/index.php?rest_route=\/wp\/v2\/posts\/80221\/revisions\/80223"}],"wp:featuredmedia":[{"embeddable":true,"href":"https:\/\/zonaroja.com.mx\/index.php?rest_route=\/wp\/v2\/media\/80222"}],"wp:attachment":[{"href":"https:\/\/zonaroja.com.mx\/index.php?rest_route=%2Fwp%2Fv2%2Fmedia&parent=80221"}],"wp:term":[{"taxonomy":"category","embeddable":true,"href":"https:\/\/zonaroja.com.mx\/index.php?rest_route=%2Fwp%2Fv2%2Fcategories&post=80221"},{"taxonomy":"post_tag","embeddable":true,"href":"https:\/\/zonaroja.com.mx\/index.php?rest_route=%2Fwp%2Fv2%2Ftags&post=80221"}],"curies":[{"name":"wp","href":"https:\/\/api.w.org\/{rel}","templated":true}]}}