{"id":80229,"date":"2025-05-12T07:09:59","date_gmt":"2025-05-12T13:09:59","guid":{"rendered":"https:\/\/zonaroja.com.mx\/?p=80229"},"modified":"2025-05-12T07:10:01","modified_gmt":"2025-05-12T13:10:01","slug":"asesinan-a-candidata-de-morena-a-texistepec-veracruz","status":"publish","type":"post","link":"https:\/\/zonaroja.com.mx\/?p=80229","title":{"rendered":"Asesinan a candidata de Morena a Texistepec, Veracruz"},"content":{"rendered":"\n<p>Redacci\u00f3n\/Zona Roja Cdmx.<\/p>\n\n\n\n<p>Ciudad de M\u00e9xico, a 12 de mayo de 2025.- Yesenia Lara, candidata de Morena y el Partido Verde Ecologista de M\u00e9xico a presidenta municipal fue asesinada junto a dos personas m\u00e1s durante un recorrido de campa\u00f1a en la cabecera municipal de Texistepec, Veracruz.<\/p>\n\n\n\n<p>En su p\u00e1gina de Facebook la candidata transmiti\u00f3 durante casi una hora un recorrido que realizaba con su equipo de campa\u00f1a la noche del domingo.<\/p>\n\n\n\n<p>En \u00e9l se observa que la acompa\u00f1aba una caravana de simpatizantes en motocicletas y caminando mientras la candidata saludaba a las personas que se encontraban en las calles.<\/p>\n\n\n\n<p>Al final de la transmisi\u00f3n se escuchan disparos tras lo cual las personas comienzan a correr desconcertadas.<\/p>\n\n\n\n<p>Medios locales informaron que tras los disparos la candidata perdi\u00f3 la vida juntos a dos hombres, mientras que unas siete personas hab\u00edan resultado heridas.<\/p>\n\n\n\n<p>Tras los hechos personal policiaco y de la Guardia Nacional acudieron al lugar para resguardar la zona.<\/p>\n\n\n\n<p>No se report\u00f3 la detenci\u00f3n de alguna persona por los hechos. Cabe recordar quel pasado 29 de abril fue asesinado el candidato de Morena a la alcald\u00eda de Coxquihui, Germ\u00e1n Anuar Valencia Delgado, tambi\u00e9n durante un acto de campa\u00f1a.<\/p>\n\n\n\n<p>(Informaci\u00f3n de \u201cEl Economista\u201d)<\/p>\n","protected":false},"excerpt":{"rendered":"<p>Redacci\u00f3n\/Zona Roja Cdmx. Ciudad de M\u00e9xico, a 12 de mayo de 2025.- Yesenia Lara, candidata&hellip;<\/p>\n","protected":false},"author":2,"featured_media":80230,"comment_status":"closed","ping_status":"open","sticky":false,"template":"","format":"standard","meta":{"_lmt_disableupdate":"","_lmt_disable":"","_jetpack_memberships_contains_paid_content":false,"footnotes":""},"categories":[109,47],"tags":[4303],"class_list":["post-80229","post","type-post","status-publish","format-standard","has-post-thumbnail","hentry","category-minuto-a-minuto","category-zona-gris","tag-yesenia-lara-texistepec"],"jetpack_featured_media_url":"https:\/\/zonaroja.com.mx\/wp-content\/uploads\/2025\/05\/yesenia-lara-elecciones-texistepec-veracruz-1024x530-1.jpg","jetpack_sharing_enabled":true,"_links":{"self":[{"href":"https:\/\/zonaroja.com.mx\/index.php?rest_route=\/wp\/v2\/posts\/80229","targetHints":{"allow":["GET"]}}],"collection":[{"href":"https:\/\/zonaroja.com.mx\/index.php?rest_route=\/wp\/v2\/posts"}],"about":[{"href":"https:\/\/zonaroja.com.mx\/index.php?rest_route=\/wp\/v2\/types\/post"}],"author":[{"embeddable":true,"href":"https:\/\/zonaroja.com.mx\/index.php?rest_route=\/wp\/v2\/users\/2"}],"replies":[{"embeddable":true,"href":"https:\/\/zonaroja.com.mx\/index.php?rest_route=%2Fwp%2Fv2%2Fcomments&post=80229"}],"version-history":[{"count":1,"href":"https:\/\/zonaroja.com.mx\/index.php?rest_route=\/wp\/v2\/posts\/80229\/revisions"}],"predecessor-version":[{"id":80231,"href":"https:\/\/zonaroja.com.mx\/index.php?rest_route=\/wp\/v2\/posts\/80229\/revisions\/80231"}],"wp:featuredmedia":[{"embeddable":true,"href":"https:\/\/zonaroja.com.mx\/index.php?rest_route=\/wp\/v2\/media\/80230"}],"wp:attachment":[{"href":"https:\/\/zonaroja.com.mx\/index.php?rest_route=%2Fwp%2Fv2%2Fmedia&parent=80229"}],"wp:term":[{"taxonomy":"category","embeddable":true,"href":"https:\/\/zonaroja.com.mx\/index.php?rest_route=%2Fwp%2Fv2%2Fcategories&post=80229"},{"taxonomy":"post_tag","embeddable":true,"href":"https:\/\/zonaroja.com.mx\/index.php?rest_route=%2Fwp%2Fv2%2Ftags&post=80229"}],"curies":[{"name":"wp","href":"https:\/\/api.w.org\/{rel}","templated":true}]}}