{"id":80240,"date":"2025-05-12T09:30:00","date_gmt":"2025-05-12T15:30:00","guid":{"rendered":"https:\/\/zonaroja.com.mx\/?p=80240"},"modified":"2025-05-12T08:13:03","modified_gmt":"2025-05-12T14:13:03","slug":"opinion-entre-el-triunfo-y-la-derrota","status":"publish","type":"post","link":"https:\/\/zonaroja.com.mx\/?p=80240","title":{"rendered":"Opini\u00f3n. Entre el triunfo y la derrota"},"content":{"rendered":"\n<p>Isidoro Yescas*<\/p>\n\n\n\n<p>El rector Cristian Carre\u00f1o&nbsp;dispuso&nbsp;de&nbsp;todos los recursos econ\u00f3micos, administrativos y financieros a su alcance para intimidar y presionar a directores(as) y catedr\u00e1ticos(as), pero tambi\u00e9n&nbsp;para recurrir&nbsp;al&nbsp;expediente de la compra de votos, ofrecimientos de tiempos completos y recategorizaciones&nbsp;para asegurar el triunfo de su candidato&nbsp;Victor&nbsp;Ric\u00e1rdez Espinoza como secretario General del STAUO.&nbsp;<\/p>\n\n\n\n<p>Y a\u00fan bajo esas condiciones de evidente inequidad y parcialidad, el opositor Aristeo Segura Salvador&nbsp;dio&nbsp;la pelea ofertando un nuevo tipo de sindicalismo basado en una sana distancia con la rector\u00eda, en la transparencia y rendici\u00f3n de cuentas, la inclusi\u00f3n, la perspectiva de&nbsp;g\u00e9nero y&nbsp;en la recuperaci\u00f3n del compromiso de la UABJO con&nbsp;la&nbsp;academia y la investigaci\u00f3n, colocada ya en segundo plano por la prevalencia del modelo pol\u00edtico&nbsp;que&nbsp;ha imperado e&nbsp;impera en nuestra casa de estudios.&nbsp;<\/p>\n\n\n\n<p>No obstante, y&nbsp;pese&nbsp;a&nbsp;todo el aparato oficial que oper\u00f3 en su contra, el candidato opositor&nbsp;obtuvo 356 votos contra 532 del candidato oficial. De un padr\u00f3n&nbsp;(inflado&nbsp;con porros y \u201caviadores\u201d)&nbsp;de 1187, los votantes se redujeron a 888, pues 9 anularon sus boletas y 290 fueron inutilizadas, boletas que correspond\u00edan a un n\u00famero de igual de electores que no acudieron a votar.&nbsp;En un escenario de votaci\u00f3n masiva, la historia hubiese sido otra.&nbsp;<\/p>\n\n\n\n<p>El mismo modus operandi que en la Facultad de Medicina fracas\u00f3, en el STAUO result\u00f3 exitoso para la&nbsp;rector\u00eda y su camarilla&nbsp;kakistocr\u00e1tica&nbsp;porque, aprendida la lecci\u00f3n, en esta caso&nbsp;arm\u00f3 una costosa campa\u00f1a negra para desacreditar a las cabezas del movimiento opositor,&nbsp;pact\u00f3 y\/o amedrent\u00f3 a directores y directoras de todos los planteles universitarios no afines a su&nbsp;rectorado, y estableci\u00f3 fuertes compromisos con sus viejos aliados, caciques y caciquillos&nbsp;que controlan escuelas y facultades&nbsp;(con excepci\u00f3n de la expresi\u00f3n de Leticia Mendoza) para&nbsp;ofrecerles&nbsp;un mayor n\u00famero de recategorizaciones y tiempos completos&nbsp;antes de que deje el cargo, cosa que se ve dif\u00edcil que cumpla porque la SEP&nbsp;ya&nbsp;tiene ya el ojo puesto en estos&nbsp;temas.&nbsp;&nbsp;<\/p>\n\n\n\n<p>El reto que ahora tiene lo que bien podr\u00eda denominarse la corriente cr\u00edtica del STAUO, y sobre todo su emergente liderazgo, es cosechar lo que ya sembraron, no rendirse, evitar&nbsp;m\u00e1s&nbsp;traiciones y dobles juegos y apostarle a la unidad y movilizaci\u00f3n para hacer valer sus derechos ante una nueva dirigencia sindical&nbsp;continuista, sin liderazgo propio&nbsp;y demasiado proclive a someterse a los caprichos e intereses de un rector&nbsp;farisaico que ahora tendr\u00e1 que irse preparando para su derrota en la Facultad de Derecho para valorar si con un STAUO dividido y polarizado por&nbsp;\u00e9l mismo,&nbsp;todav\u00eda&nbsp;tendr\u00e1 las suficientes canicas para heredar&nbsp;la silla &nbsp;y&nbsp;si, adem\u00e1s,&nbsp;le alcanzar\u00e1 para negociar &nbsp;un &nbsp;cargo de elecci\u00f3n popular&nbsp;con el gobierno primaveral.<\/p>\n\n\n\n<p>*Maestro en Sociolog\u00eda y periodista.<\/p>\n\n\n\n<p>X:@YescasIsidoro<\/p>\n","protected":false},"excerpt":{"rendered":"<p>Isidoro Yescas* El rector Cristian Carre\u00f1o&nbsp;dispuso&nbsp;de&nbsp;todos los recursos econ\u00f3micos, administrativos y financieros a su alcance&hellip;<\/p>\n","protected":false},"author":2,"featured_media":78328,"comment_status":"closed","ping_status":"open","sticky":false,"template":"","format":"standard","meta":{"_lmt_disableupdate":"","_lmt_disable":"","_jetpack_memberships_contains_paid_content":false,"footnotes":""},"categories":[456,109],"tags":[3998],"class_list":["post-80240","post","type-post","status-publish","format-standard","has-post-thumbnail","hentry","category-columna","category-minuto-a-minuto","tag-isidoro-yescas-martinez"],"jetpack_featured_media_url":"https:\/\/zonaroja.com.mx\/wp-content\/uploads\/2025\/03\/Isidoro-Yescas-Martinez.jpg","jetpack_sharing_enabled":true,"_links":{"self":[{"href":"https:\/\/zonaroja.com.mx\/index.php?rest_route=\/wp\/v2\/posts\/80240","targetHints":{"allow":["GET"]}}],"collection":[{"href":"https:\/\/zonaroja.com.mx\/index.php?rest_route=\/wp\/v2\/posts"}],"about":[{"href":"https:\/\/zonaroja.com.mx\/index.php?rest_route=\/wp\/v2\/types\/post"}],"author":[{"embeddable":true,"href":"https:\/\/zonaroja.com.mx\/index.php?rest_route=\/wp\/v2\/users\/2"}],"replies":[{"embeddable":true,"href":"https:\/\/zonaroja.com.mx\/index.php?rest_route=%2Fwp%2Fv2%2Fcomments&post=80240"}],"version-history":[{"count":1,"href":"https:\/\/zonaroja.com.mx\/index.php?rest_route=\/wp\/v2\/posts\/80240\/revisions"}],"predecessor-version":[{"id":80241,"href":"https:\/\/zonaroja.com.mx\/index.php?rest_route=\/wp\/v2\/posts\/80240\/revisions\/80241"}],"wp:featuredmedia":[{"embeddable":true,"href":"https:\/\/zonaroja.com.mx\/index.php?rest_route=\/wp\/v2\/media\/78328"}],"wp:attachment":[{"href":"https:\/\/zonaroja.com.mx\/index.php?rest_route=%2Fwp%2Fv2%2Fmedia&parent=80240"}],"wp:term":[{"taxonomy":"category","embeddable":true,"href":"https:\/\/zonaroja.com.mx\/index.php?rest_route=%2Fwp%2Fv2%2Fcategories&post=80240"},{"taxonomy":"post_tag","embeddable":true,"href":"https:\/\/zonaroja.com.mx\/index.php?rest_route=%2Fwp%2Fv2%2Ftags&post=80240"}],"curies":[{"name":"wp","href":"https:\/\/api.w.org\/{rel}","templated":true}]}}