{"id":80242,"date":"2025-05-12T09:45:45","date_gmt":"2025-05-12T15:45:45","guid":{"rendered":"https:\/\/zonaroja.com.mx\/?p=80242"},"modified":"2025-05-12T09:45:48","modified_gmt":"2025-05-12T15:45:48","slug":"tras-enfrentamiento-detienen-a-siete-personas-en-la-costa-hay-un-muerto","status":"publish","type":"post","link":"https:\/\/zonaroja.com.mx\/?p=80242","title":{"rendered":"Tras enfrentamiento, detienen a siete personas en la Costa; hay un muerto"},"content":{"rendered":"\n<p>Raymundo Morales\/Zona Roja.<\/p>\n\n\n\n<p>Oaxaca de Ju\u00e1rez, Oax., a 12 de mayo de 2025.- Siete personas, con armas de grueso calibre y drogas, fueron detenidas ayer por personal ministerial y policiaco, en inmediaciones de la comunidad de Pie de La Cuesta en el municipio de San Juan Cacahuatepec, regi\u00f3n de la Costa.<\/p>\n\n\n\n<p>La Secretar\u00eda de Seguridad y Protecci\u00f3n (SSPC) detall\u00f3 que lo anterior ocurri\u00f3 tras un enfrentamiento armado, en que \u201cno se tiene registro de lesionados ni p\u00e9rdidas humanas entre el personal policial. Sin embargo, uno de los civiles armados fue abatido\u201d.<\/p>\n\n\n\n<p>Expuso adem\u00e1s, el decomiso de armas de fuego, dosis de presuntas drogas y equipo t\u00e1ctico de uso exclusivo de corporaciones de seguridad p\u00fablica, las cuales ser\u00e1n puestas a disposici\u00f3n de la autoridad correspondiente.<\/p>\n\n\n\n<p>En el desarrollo de los recorridos de seguridad y vigilancia que se realizan en esa zona de la regi\u00f3n Costa, en la brecha de terracer\u00eda de la colonia Nueva, &nbsp;los agentes policiales fueron agredidos con disparos de arma de fuego por presuntos integrantes de un grupo delictivo, por lo que se solicit\u00f3 el apoyo de la Guardia Nacional (GN), la Secretar\u00eda de la Defensa Nacional (Defensa) y la Agencia Estatal de Investigaciones (AEI).<\/p>\n\n\n\n<p>\u201cGracias a la reacci\u00f3n oportuna de las corporaciones involucradas, se logr\u00f3 contener la situaci\u00f3n y la detenci\u00f3n de los involucrados.Los trabajos de investigaci\u00f3n y patrullaje para garantizar la seguridad de la poblaci\u00f3n y ubicar al resto de las personas responsables contin\u00faan\u201d expuso en un comunicado.<\/p>\n","protected":false},"excerpt":{"rendered":"<p>Raymundo Morales\/Zona Roja. Oaxaca de Ju\u00e1rez, Oax., a 12 de mayo de 2025.- Siete personas,&hellip;<\/p>\n","protected":false},"author":2,"featured_media":80243,"comment_status":"closed","ping_status":"open","sticky":false,"template":"","format":"standard","meta":{"_lmt_disableupdate":"","_lmt_disable":"","_jetpack_memberships_contains_paid_content":false,"footnotes":""},"categories":[109,46],"tags":[],"class_list":["post-80242","post","type-post","status-publish","format-standard","has-post-thumbnail","hentry","category-minuto-a-minuto","category-zona-blanca"],"jetpack_featured_media_url":"https:\/\/zonaroja.com.mx\/wp-content\/uploads\/2025\/05\/Enfrentamiento-detenidos-San-Juan-Cacahuatepec.jpg","jetpack_sharing_enabled":true,"_links":{"self":[{"href":"https:\/\/zonaroja.com.mx\/index.php?rest_route=\/wp\/v2\/posts\/80242","targetHints":{"allow":["GET"]}}],"collection":[{"href":"https:\/\/zonaroja.com.mx\/index.php?rest_route=\/wp\/v2\/posts"}],"about":[{"href":"https:\/\/zonaroja.com.mx\/index.php?rest_route=\/wp\/v2\/types\/post"}],"author":[{"embeddable":true,"href":"https:\/\/zonaroja.com.mx\/index.php?rest_route=\/wp\/v2\/users\/2"}],"replies":[{"embeddable":true,"href":"https:\/\/zonaroja.com.mx\/index.php?rest_route=%2Fwp%2Fv2%2Fcomments&post=80242"}],"version-history":[{"count":1,"href":"https:\/\/zonaroja.com.mx\/index.php?rest_route=\/wp\/v2\/posts\/80242\/revisions"}],"predecessor-version":[{"id":80244,"href":"https:\/\/zonaroja.com.mx\/index.php?rest_route=\/wp\/v2\/posts\/80242\/revisions\/80244"}],"wp:featuredmedia":[{"embeddable":true,"href":"https:\/\/zonaroja.com.mx\/index.php?rest_route=\/wp\/v2\/media\/80243"}],"wp:attachment":[{"href":"https:\/\/zonaroja.com.mx\/index.php?rest_route=%2Fwp%2Fv2%2Fmedia&parent=80242"}],"wp:term":[{"taxonomy":"category","embeddable":true,"href":"https:\/\/zonaroja.com.mx\/index.php?rest_route=%2Fwp%2Fv2%2Fcategories&post=80242"},{"taxonomy":"post_tag","embeddable":true,"href":"https:\/\/zonaroja.com.mx\/index.php?rest_route=%2Fwp%2Fv2%2Ftags&post=80242"}],"curies":[{"name":"wp","href":"https:\/\/api.w.org\/{rel}","templated":true}]}}