{"id":80248,"date":"2025-05-12T10:50:00","date_gmt":"2025-05-12T16:50:00","guid":{"rendered":"https:\/\/zonaroja.com.mx\/?p=80248"},"modified":"2025-05-12T09:58:12","modified_gmt":"2025-05-12T15:58:12","slug":"opinion-sin-banderas-la-seccion-22-vuelve-a-la-carga","status":"publish","type":"post","link":"https:\/\/zonaroja.com.mx\/?p=80248","title":{"rendered":"Opini\u00f3n. Sin banderas, la Secci\u00f3n 22 vuelve a la carga"},"content":{"rendered":"\n<p>Ismael Garc\u00eda M.\/Zona Roja.<\/p>\n\n\n\n<p>Oaxaca, Oax., a 12 de mayo de 2025.- Sin m\u00e1s banderas que una demanda legislativa nacional, la Secci\u00f3n 22 del Sindicato Nacional de Trabajadores de la Educaci\u00f3n vuelve a afectar a la ni\u00f1ez oaxaque\u00f1a.<\/p>\n\n\n\n<p>Contrario a su principal obligaci\u00f3n, no es la \u00fanica ocasi\u00f3n en que el magisterio utiliza, literalmente, la educaci\u00f3n para lograr demandas ajenas a su actividad, como son prebendas econ\u00f3micas y laborales.<\/p>\n\n\n\n<p>Apenas en 19, 20 y 21 de marzo pasado, las y los alumnos vivieron una jornada de tres d\u00edas de p\u00e9rdida de clases, sin que haya reposici\u00f3n.<\/p>\n\n\n\n<p>Y en cambio, el rezago educativo crece, sin que haya un \u00e1pice de voluntad de la mayor\u00eda de maestros y maestras para transformar a la ni\u00f1ez y lograr el cambio social que todo mundo anhela, pero nadie empuja.<\/p>\n\n\n\n<p>Mientras tanto, el Instituto Estatal de Educaci\u00f3n P\u00fablica de Oaxaca, que a\u00fan dirige Emilio Montero P\u00e9rez, est\u00e1 m\u00e1s ocupado en acciones pol\u00edticas en la regi\u00f3n del Istmo que en mostrar una real preocupaci\u00f3n por la ni\u00f1ez.<\/p>\n\n\n\n<p>Apenas este domingo 11 de mayo, presidi\u00f3 una magna concentraci\u00f3n pol\u00edtica en Juchit\u00e1n, bajo el pretexto de promover la elecci\u00f3n judicial federal.<\/p>\n\n\n\n<p>LO MISMO&nbsp;<\/p>\n\n\n\n<p>Con una semana de anticipaci\u00f3n, el pasado 6 de mayo, la Secci\u00f3n 22 emiti\u00f3 su convocatoria, firmada por la secretaria General, Yenny Aracely P\u00e9rez Mart\u00ednez, y el secretario de Organizaci\u00f3n, C\u00e9sar Garc\u00eda Zurita, para convocar al paro nacional indefinido.<\/p>\n\n\n\n<p>Hay que precisar que en esta ocasi\u00f3n, es acuerdo de la Coordinadora Nacional de Trabajadores de la Educaci\u00f3n (CNTE), conformada por al menos seis secciones magisteriales del pa\u00eds, entre ellas la Ciudad de M\u00e9xico, Guerrero, Michoac\u00e1n y Chiapas.<\/p>\n\n\n\n<p>Previo a ello, en Oaxaca los maestros ya hab\u00edan efectuado una ronda de consultas a todo el magisterio, conformado por m\u00e1s de 80 mil trabajadores de la educaci\u00f3n, en que la mayor\u00eda \u2014no se dieron a conocer p\u00fablicamente los n\u00fameros\u2014 opt\u00f3 por la protesta por tiempo indefinido.&nbsp;<\/p>\n\n\n\n<p>La principal bandera de lucha, por no decir la \u00fanica, es la abrogaci\u00f3n de la Ley del ISSSTE emitida en el 2007, justo un a\u00f1o despu\u00e9s de la revuelta social y magisterial.<\/p>\n\n\n\n<p>En segundo t\u00e9rmino, la abrogaci\u00f3n de la reforma educativa de Enrique Pe\u00f1a Nieto, avalada en 2015, y continuada por Andr\u00e9s Manuel L\u00f3pez Obrador.<\/p>\n\n\n\n<p>El 1 de mayo, la comisi\u00f3n pol\u00edtica del magisterio entreg\u00f3 en manos del gobernador Salom\u00f3n Jara Cruz su pliego petitorio, de ocho hojas, en que detalla una serie de peticiones, la mayor\u00eda de ellas ajenas al rubro educativo.<\/p>\n\n\n\n<p>Como ejemplo: establecimiento inmediato de la bilateralidad normativa; es decir, que puedan tambi\u00e9n ser parte de la toma de decisiones en el sector educativo, como suced\u00eda antes del 2015.<\/p>\n\n\n\n<p>Reconocimiento a su a\u00f1ejo Plan para la Transformaci\u00f3n de la Educaci\u00f3n; reconocimiento de la Direcci\u00f3n de Pueblos Originarios; castigo a los responsables de las agresiones al magisterio, en los a\u00f1os 2006, 2013, 2015 y 2016.<\/p>\n\n\n\n<p>O unas m\u00e1s burdas, como: Liberaci\u00f3n de presos pol\u00edticos, cierre de carpetas de investigaci\u00f3n y federal de trabajadores de la educaci\u00f3n; incremento de recurso del ramo 33 a los 570 municipios del estado; restricci\u00f3n de permisos para la extracci\u00f3n masiva de materiales p\u00e9treos y sobreexplotaci\u00f3n de recursos naturales\u2026<\/p>\n\n\n\n<p>Obvio, una serie de demandas de car\u00e1cter administrativo y financiero, cuya capacidad presupuestal para atenderlas no alcanzar\u00eda ni en \u00e9ste ni en los pr\u00f3ximos a\u00f1os.<\/p>\n\n\n\n<p>LA POSTURA OFICIAL<\/p>\n\n\n\n<p>La Presidenta Claudia Sheinbaum ha externado su intenci\u00f3n de respaldar las exigencias de la CNTE, e incluso tuvo que recular hace un mes y retirar su propuesta de reforma a la Ley del ISSSTE.<\/p>\n\n\n\n<p>El pasado 18 de marzo recibi\u00f3 a los integrantes de la Coordinadora Nacional de Trabajadores de la Educaci\u00f3n y propuso, entre otras:<\/p>\n\n\n\n<p>Lograr beneficios de la iniciativa de reforma como la condonaci\u00f3n, quitas y congelamiento de deudas problem\u00e1ticas o impagables de los acreditados del FOVISSSTE, as\u00ed como la recuperaci\u00f3n de facultades para la construcci\u00f3n de vivienda social a trav\u00e9s de decretos presidenciales.<\/p>\n\n\n\n<p>Congelar la edad m\u00ednima para la jubilaci\u00f3n en 58 a\u00f1os en caso de hombres, as\u00ed como 56 a\u00f1os en caso de mujeres, mientras contin\u00faan las discusiones para definirla, as\u00ed como los a\u00f1os de servicio, junto con las personas trabajadoras.<\/p>\n\n\n\n<p>Discutir la desaparici\u00f3n definitiva de la&nbsp;Unidad del Sistema para la Carrera de las Maestras y los Maestros (USICAMM) en cada plantel y establecer un nuevo mecanismo de ingreso promoci\u00f3n y ascenso que garantice derechos laborales, as\u00ed como transparencia y cero corrupci\u00f3n.<\/p>\n\n\n\n<p>Pero no ha sido suficiente para la CNTE, que exige m\u00e1s prebendas; el 15 de abril, la mandataria mexicana declar\u00f3 en su conferencia de prensa que \u201cno hay el suficiente presupuesto\u201d para atender las exigencias de la Coordinadora y consider\u00f3 que no es necesario realizar un paro nacional porque su gobierno ha abierto todas las v\u00edas del di\u00e1logo.<\/p>\n\n\n\n<p>Record\u00f3 que su gobierno ha atendido las demandas del magisterio disidente, como aplicar quitas a las deudas del Fovissste, congelar la edad de jubilaci\u00f3n y garantizar la jubilaci\u00f3n con el monto de su \u00faltimo sueldo.<\/p>\n\n\n\n<p>\u201cHay temas (como) que no hay el suficiente presupuesto para poder cumplir con todas las demandas, pero se hace hasta lo que se puede, hasta donde se puede, para poder ayudar a las maestras y los maestros de M\u00e9xico\u201d, destac\u00f3 en ese entonces.<\/p>\n\n\n\n<p>Por su parte, el gobernador Salom\u00f3n Jara Cruz ha justificado que las principales demandas del magisterio oaxaque\u00f1o son de car\u00e1cter federal, por lo tanto conf\u00eda en que sean atendidas.<\/p>\n\n\n\n<p>En el caso del pliego petitorio, recibido el pasado 1 de mayo, inform\u00f3 que se revisa y que a la brevedad dar\u00e1 respuestas. Se ha manifestado respetuoso de las actividades y decisiones de la Secci\u00f3n 22, a\u00fan por encima de los derechos de la ni\u00f1ez.<\/p>\n\n\n\n<p>LO DE SIEMPRE<\/p>\n\n\n\n<p>El plazo fatal, para el caso de Oaxaca, vence el 15 de mayo, en que deber\u00e1 haber respuestas a las peticiones descritas en ocho hojas.<\/p>\n\n\n\n<p>Pero sin plazo fatal o con \u00e9ste, ya est\u00e1 decidido que a partir del pr\u00f3ximo jueves 15 de mayo inicia el paro de labores indefinido.<\/p>\n\n\n\n<p>La \u00fanica diferencia en esta ocasi\u00f3n es que no habr\u00e1 \u201cplant\u00f3n\u201d en la capital del estado, sino en la Ciudad de M\u00e9xico.<\/p>\n\n\n\n<p>Pero tambi\u00e9n con \u201cplant\u00f3n\u201d o sin \u201cplant\u00f3n\u201d, no hay Plan B para reponer la p\u00e9rdida de clases, que se calcula ser\u00e1 de al menos dos semanas.<\/p>\n\n\n\n<p>Pero ni siquiera en lo m\u00e1s \u00e1lgido de la protesta social del 2006-2007, hubo voluntad para recuperar clases y fortalecer la ense\u00f1anza. As\u00ed que no esperemos que en esta ocasi\u00f3n suceda. Lamentablemente.<\/p>\n","protected":false},"excerpt":{"rendered":"<p>Ismael Garc\u00eda M.\/Zona Roja. Oaxaca, Oax., a 12 de mayo de 2025.- Sin m\u00e1s banderas&hellip;<\/p>\n","protected":false},"author":2,"featured_media":67764,"comment_status":"closed","ping_status":"open","sticky":false,"template":"","format":"standard","meta":{"_lmt_disableupdate":"","_lmt_disable":"","_jetpack_memberships_contains_paid_content":false,"footnotes":""},"categories":[456,109,48],"tags":[1353],"class_list":["post-80248","post","type-post","status-publish","format-standard","has-post-thumbnail","hentry","category-columna","category-minuto-a-minuto","category-zona-critica","tag-opinion-zona-critica"],"jetpack_featured_media_url":"https:\/\/zonaroja.com.mx\/wp-content\/uploads\/2024\/04\/Opinion-Zona-Roja-Ismael-Garcia.jpg","jetpack_sharing_enabled":true,"_links":{"self":[{"href":"https:\/\/zonaroja.com.mx\/index.php?rest_route=\/wp\/v2\/posts\/80248","targetHints":{"allow":["GET"]}}],"collection":[{"href":"https:\/\/zonaroja.com.mx\/index.php?rest_route=\/wp\/v2\/posts"}],"about":[{"href":"https:\/\/zonaroja.com.mx\/index.php?rest_route=\/wp\/v2\/types\/post"}],"author":[{"embeddable":true,"href":"https:\/\/zonaroja.com.mx\/index.php?rest_route=\/wp\/v2\/users\/2"}],"replies":[{"embeddable":true,"href":"https:\/\/zonaroja.com.mx\/index.php?rest_route=%2Fwp%2Fv2%2Fcomments&post=80248"}],"version-history":[{"count":1,"href":"https:\/\/zonaroja.com.mx\/index.php?rest_route=\/wp\/v2\/posts\/80248\/revisions"}],"predecessor-version":[{"id":80249,"href":"https:\/\/zonaroja.com.mx\/index.php?rest_route=\/wp\/v2\/posts\/80248\/revisions\/80249"}],"wp:featuredmedia":[{"embeddable":true,"href":"https:\/\/zonaroja.com.mx\/index.php?rest_route=\/wp\/v2\/media\/67764"}],"wp:attachment":[{"href":"https:\/\/zonaroja.com.mx\/index.php?rest_route=%2Fwp%2Fv2%2Fmedia&parent=80248"}],"wp:term":[{"taxonomy":"category","embeddable":true,"href":"https:\/\/zonaroja.com.mx\/index.php?rest_route=%2Fwp%2Fv2%2Fcategories&post=80248"},{"taxonomy":"post_tag","embeddable":true,"href":"https:\/\/zonaroja.com.mx\/index.php?rest_route=%2Fwp%2Fv2%2Ftags&post=80248"}],"curies":[{"name":"wp","href":"https:\/\/api.w.org\/{rel}","templated":true}]}}