{"id":80252,"date":"2025-05-12T17:28:07","date_gmt":"2025-05-12T23:28:07","guid":{"rendered":"https:\/\/zonaroja.com.mx\/?p=80252"},"modified":"2025-05-12T17:28:12","modified_gmt":"2025-05-12T23:28:12","slug":"organizacion-acusa-al-papa-leon-xiv-de-encubrir-casos-de-abuso-sexual","status":"publish","type":"post","link":"https:\/\/zonaroja.com.mx\/?p=80252","title":{"rendered":"Organizaci\u00f3n acusa al papa Le\u00f3n XIV de encubrir casos de abuso sexual"},"content":{"rendered":"\n<p>Redacci\u00f3n\/Zona Roja Cdmx.<\/p>\n\n\n\n<p>Ciudad de M\u00e9xico, a 12 de mayo de 2025.- No se hab\u00edan cumplido ni 24 horas desde que el cardenal Robert Francis Prevost fue electo como nuevo Sumo Pont\u00edfice de la Iglesia Cat\u00f3lica, bajo el nombre de Le\u00f3n XIV, y ya se ha difundido su primer esc\u00e1ndalo relacionado con casos de abuso sexual en Per\u00fa.<\/p>\n\n\n\n<p>La organizaci\u00f3n estadounidense denominada Red de Sobrevivientes de Abuso por Sacerdotes (SNAP, por sus siglas en ingl\u00e9s), dedicada a apoyar a las v\u00edctimas de abusos sexuales por parte de sacerdotes, emiti\u00f3 un comunicado en el que acusa al nuevo Papa Le\u00f3n XIV de encubrir casos de abuso mientras fue obispo en Chiclayo, Per\u00fa.<\/p>\n\n\n\n<p>El comunicado indica que Robert Francis Prevost permiti\u00f3 en el a\u00f1o 2000 \u2014cuando era superior de los agustinos\u2014 que un sacerdote acusado de abuso residiera en el convento agustino de St. John Stone, en Chicago, ubicado cerca de una escuela primaria.<\/p>\n\n\n\n<p>La SNAP sostiene que durante las funciones de Le\u00f3n XIV como obispo de Chiclayo, se presentaron denuncias de abuso contra los sacerdotes Eleuterio V\u00e1squez Gonz\u00e1les y Ricardo Yesqu\u00e9n. Los abusos habr\u00edan ocurrido entre 2006 y 2010, pero las v\u00edctimas formalizaron sus denuncias en 2022, mientras Prevost a\u00fan dirig\u00eda la di\u00f3cesis.<\/p>\n\n\n\n<p>La organizaci\u00f3n sostiene que estas denuncias no fueron investigadas de manera adecuada ni canalizadas conforme al procedimiento can\u00f3nico.<\/p>\n\n\n\n<p>\u201cLas v\u00edctimas afirman que Prevost no abri\u00f3 una investigaci\u00f3n, envi\u00f3 informaci\u00f3n insuficiente a Roma y que la di\u00f3cesis permiti\u00f3 al sacerdote seguir celebrando misa. Incluso adjuntaron fotograf\u00edas del sacerdote oficiando misa despu\u00e9s de su denuncia como prueba\u201d, se\u00f1ala la organizaci\u00f3n en su comunicado.<\/p>\n\n\n\n<p>La organizaci\u00f3n inform\u00f3 que el pasado 25 de marzo de 2025 present\u00f3 una denuncia contra el ahora nuevo l\u00edder del Vaticano, bajo el decreto Vos estis lux mundi, un documento del Papa Francisco de 2023 que establece las normas que debe seguir la Iglesia cat\u00f3lica respecto a los abusos sexuales cometidos por sacerdotes o miembros de institutos de vida consagrada.<\/p>\n\n\n\n<p>La Red de Sobrevivientes de Abuso por Sacerdotes tambi\u00e9n hizo un llamado a Le\u00f3n XIV para que, en sus primeros 100 d\u00edas de pontificado, cree una Comisi\u00f3n Global de la Verdad y promueva la implementaci\u00f3n de una pol\u00edtica de tolerancia cero universal en el derecho can\u00f3nico.<\/p>\n\n\n\n<p>Respecto a las acusaciones contra el nuevo pont\u00edfice, la Di\u00f3cesis de Chiclayo emiti\u00f3 un comunicado en el que afirma que, tras recibir denuncias en 2022, se aplicaron medidas cautelares y se inici\u00f3 una investigaci\u00f3n contra los sacerdotes acusados.<\/p>\n\n\n\n<p>Asimismo, inform\u00f3 que el caso fue remitido al Dicasterio para la Doctrina de la Fe en julio de 2022. Sin embargo, las v\u00edctimas alegan que no se llev\u00f3 a cabo una investigaci\u00f3n adecuada y que el sacerdote acusado continu\u00f3 con sus funciones ministeriales.<\/p>\n\n\n\n<p>(Informaci\u00f3n de \u201cEl Financiero\u201d)<\/p>\n","protected":false},"excerpt":{"rendered":"<p>Redacci\u00f3n\/Zona Roja Cdmx. Ciudad de M\u00e9xico, a 12 de mayo de 2025.- No se hab\u00edan&hellip;<\/p>\n","protected":false},"author":2,"featured_media":80253,"comment_status":"closed","ping_status":"open","sticky":false,"template":"","format":"standard","meta":{"_lmt_disableupdate":"","_lmt_disable":"","_jetpack_memberships_contains_paid_content":false,"footnotes":""},"categories":[109,47],"tags":[4304],"class_list":["post-80252","post","type-post","status-publish","format-standard","has-post-thumbnail","hentry","category-minuto-a-minuto","category-zona-gris","tag-papa-leon-xiv-robert-francis-prevost"],"jetpack_featured_media_url":"https:\/\/zonaroja.com.mx\/wp-content\/uploads\/2025\/05\/papa-leon-xiv-este-equipo-de-futbol-le-va-el-pontifice.webp","jetpack_sharing_enabled":true,"_links":{"self":[{"href":"https:\/\/zonaroja.com.mx\/index.php?rest_route=\/wp\/v2\/posts\/80252","targetHints":{"allow":["GET"]}}],"collection":[{"href":"https:\/\/zonaroja.com.mx\/index.php?rest_route=\/wp\/v2\/posts"}],"about":[{"href":"https:\/\/zonaroja.com.mx\/index.php?rest_route=\/wp\/v2\/types\/post"}],"author":[{"embeddable":true,"href":"https:\/\/zonaroja.com.mx\/index.php?rest_route=\/wp\/v2\/users\/2"}],"replies":[{"embeddable":true,"href":"https:\/\/zonaroja.com.mx\/index.php?rest_route=%2Fwp%2Fv2%2Fcomments&post=80252"}],"version-history":[{"count":1,"href":"https:\/\/zonaroja.com.mx\/index.php?rest_route=\/wp\/v2\/posts\/80252\/revisions"}],"predecessor-version":[{"id":80254,"href":"https:\/\/zonaroja.com.mx\/index.php?rest_route=\/wp\/v2\/posts\/80252\/revisions\/80254"}],"wp:featuredmedia":[{"embeddable":true,"href":"https:\/\/zonaroja.com.mx\/index.php?rest_route=\/wp\/v2\/media\/80253"}],"wp:attachment":[{"href":"https:\/\/zonaroja.com.mx\/index.php?rest_route=%2Fwp%2Fv2%2Fmedia&parent=80252"}],"wp:term":[{"taxonomy":"category","embeddable":true,"href":"https:\/\/zonaroja.com.mx\/index.php?rest_route=%2Fwp%2Fv2%2Fcategories&post=80252"},{"taxonomy":"post_tag","embeddable":true,"href":"https:\/\/zonaroja.com.mx\/index.php?rest_route=%2Fwp%2Fv2%2Ftags&post=80252"}],"curies":[{"name":"wp","href":"https:\/\/api.w.org\/{rel}","templated":true}]}}