{"id":80259,"date":"2025-05-12T19:26:47","date_gmt":"2025-05-13T01:26:47","guid":{"rendered":"https:\/\/zonaroja.com.mx\/?p=80259"},"modified":"2025-05-12T19:26:49","modified_gmt":"2025-05-13T01:26:49","slug":"fortalecen-en-xoxocotlan-acciones-de-prevencion-del-delito","status":"publish","type":"post","link":"https:\/\/zonaroja.com.mx\/?p=80259","title":{"rendered":"Fortalecen en Xoxocotl\u00e1n acciones de prevenci\u00f3n del delito"},"content":{"rendered":"\n<p>Redacci\u00f3n\/Zona Roja.<\/p>\n\n\n\n<p>Oaxaca de Ju\u00e1rez, Oax., 12 de mayo de 2025.\u2013 Con el prop\u00f3sito de garantizar que ni\u00f1as y ni\u00f1os se desarrollen en entornos seguros y libres de violencia, el gobierno municipal de Santa Cruz Xoxocotl\u00e1n, encabezado por Nancy Ben\u00edtez Z\u00e1rate, en coordinaci\u00f3n con la Secretar\u00eda de Seguridad y Protecci\u00f3n Ciudadana (SSPC) del Gobierno del Estado, llev\u00f3 a cabo el \u201cD\u00eda azul por una infancia feliz\u201d, orientado a brindar herramientas para prevenir e identificar situaciones de riesgo.<\/p>\n\n\n\n<p>Junto a la presidenta honoraria del DIF Municipal, Patricia Yarazet Cruz Ben\u00edtez, as\u00ed como integrantes de su Cabildo, dio inicio a las actividades recreativas para estudiantes de la escuela primaria \u201c21 de Agosto\u201d y el jard\u00edn de ni\u00f1os \u201cFrida Kahlo\u201d, de la colonia Monte Bello, en las que se promovieron valores como la seguridad vial, la prevenci\u00f3n del acoso escolar, el conocimiento de sus derechos y la identificaci\u00f3n de situaciones de abuso o maltrato infantil.<\/p>\n\n\n\n<p>Ah\u00ed, la presidenta municipal subray\u00f3 que la seguridad es una tarea colectiva y una responsabilidad de todas y todos. Asimismo, agradeci\u00f3 la colaboraci\u00f3n con las instancias de seguridad estatales y federales que contribuyen a la construcci\u00f3n de un tejido social en el que ni\u00f1as, ni\u00f1os y personas adultas aprendan a tomar decisiones que promuevan la paz, la justicia y el bienestar.<\/p>\n\n\n\n<p>\u201cProteger la paz y la alegr\u00eda de la infancia es responsabilidad de todas y todos. El d\u00eda azul nace de un principio claro: toda forma de violencia se previene mejor cuando sembramos valores de cuidado y respeto desde la ni\u00f1ez. Esta es una respuesta a las cifras que nos alertan sobre los riesgos que enfrentan nuestras ni\u00f1as y ni\u00f1os\u201d, expres\u00f3 la edil frente a funcionarios estatales, autoridades de seguridad, personal docente y alumnado.<\/p>\n\n\n\n<p>Las ni\u00f1as y ni\u00f1os tambi\u00e9n participaron en din\u00e1micas para aprender a prevenir accidentes en el hogar y saber c\u00f3mo actuar en caso de una emergencia.<\/p>\n\n\n\n<p>Cabe destacar que el programa \u201cD\u00eda azul por una infancia feliz\u201d tiene como objetivo principal incidir en la prevenci\u00f3n del delito, fomentar la cultura de la legalidad y promover el respeto a las leyes entre ni\u00f1as, ni\u00f1os, adolescentes y j\u00f3venes. Su nombre hace alusi\u00f3n al color azul, que representa a los elementos de seguridad p\u00fablica y su compromiso con la protecci\u00f3n de la infancia. &nbsp;<\/p>\n","protected":false},"excerpt":{"rendered":"<p>Redacci\u00f3n\/Zona Roja. Oaxaca de Ju\u00e1rez, Oax., 12 de mayo de 2025.\u2013 Con el prop\u00f3sito de&hellip;<\/p>\n","protected":false},"author":2,"featured_media":80260,"comment_status":"closed","ping_status":"open","sticky":false,"template":"","format":"standard","meta":{"_lmt_disableupdate":"","_lmt_disable":"","_jetpack_memberships_contains_paid_content":false,"footnotes":""},"categories":[109,46],"tags":[133],"class_list":["post-80259","post","type-post","status-publish","format-standard","has-post-thumbnail","hentry","category-minuto-a-minuto","category-zona-blanca","tag-santa-cruz-xoxocotlan"],"jetpack_featured_media_url":"https:\/\/zonaroja.com.mx\/wp-content\/uploads\/2025\/05\/Gobierno-de-Xoxocotlan-fortalece-la-prevencion-del-delito-con-enfoque-en-la-ninez-2.jpeg","jetpack_sharing_enabled":true,"_links":{"self":[{"href":"https:\/\/zonaroja.com.mx\/index.php?rest_route=\/wp\/v2\/posts\/80259","targetHints":{"allow":["GET"]}}],"collection":[{"href":"https:\/\/zonaroja.com.mx\/index.php?rest_route=\/wp\/v2\/posts"}],"about":[{"href":"https:\/\/zonaroja.com.mx\/index.php?rest_route=\/wp\/v2\/types\/post"}],"author":[{"embeddable":true,"href":"https:\/\/zonaroja.com.mx\/index.php?rest_route=\/wp\/v2\/users\/2"}],"replies":[{"embeddable":true,"href":"https:\/\/zonaroja.com.mx\/index.php?rest_route=%2Fwp%2Fv2%2Fcomments&post=80259"}],"version-history":[{"count":1,"href":"https:\/\/zonaroja.com.mx\/index.php?rest_route=\/wp\/v2\/posts\/80259\/revisions"}],"predecessor-version":[{"id":80261,"href":"https:\/\/zonaroja.com.mx\/index.php?rest_route=\/wp\/v2\/posts\/80259\/revisions\/80261"}],"wp:featuredmedia":[{"embeddable":true,"href":"https:\/\/zonaroja.com.mx\/index.php?rest_route=\/wp\/v2\/media\/80260"}],"wp:attachment":[{"href":"https:\/\/zonaroja.com.mx\/index.php?rest_route=%2Fwp%2Fv2%2Fmedia&parent=80259"}],"wp:term":[{"taxonomy":"category","embeddable":true,"href":"https:\/\/zonaroja.com.mx\/index.php?rest_route=%2Fwp%2Fv2%2Fcategories&post=80259"},{"taxonomy":"post_tag","embeddable":true,"href":"https:\/\/zonaroja.com.mx\/index.php?rest_route=%2Fwp%2Fv2%2Ftags&post=80259"}],"curies":[{"name":"wp","href":"https:\/\/api.w.org\/{rel}","templated":true}]}}