{"id":80262,"date":"2025-05-12T21:49:18","date_gmt":"2025-05-13T03:49:18","guid":{"rendered":"https:\/\/zonaroja.com.mx\/?p=80262"},"modified":"2025-05-12T21:49:20","modified_gmt":"2025-05-13T03:49:20","slug":"dos-reos-muertos-uno-fugado-en-la-vispera-de-un-cateo-en-reclusorio-de-oaxaca","status":"publish","type":"post","link":"https:\/\/zonaroja.com.mx\/?p=80262","title":{"rendered":"Dos reos muertos, uno fugado, en la v\u00edspera de un cateo en reclusorio de Oaxaca"},"content":{"rendered":"\n<p>Raymundo Morales\/Zona Roja.<\/p>\n\n\n\n<p>Oaxaca de Ju\u00e1rez, Oax. 12 de mayo de 2025.- Dos personas del sexo masculino privadas de su libertad perdieron la vida y otra m\u00e1s logr\u00f3 fugarse, el pasado viernes, en el reclusorio principal del estado de Oaxaca.<\/p>\n\n\n\n<p>Y en la v\u00edspera de esos hechos, las autoridades penitenciarias encabezaron un operativo de traslado y cateo, en el Centro de Reinserci\u00f3n Social Varonil ubicado en San Francisco Tanivet, municipio de Tlacolula.<\/p>\n\n\n\n<p>Los hechos fueron confirmados hoy por la Secretar\u00eda de Seguridad y Protecci\u00f3n Ciudadana (SSPC), a trav\u00e9s de la Subsecretar\u00eda de Prevenci\u00f3n y Reinserci\u00f3n Social, sin embargo, dijo que estos hechos son independientes entre s\u00ed y no guardan relaci\u00f3n alguna.<\/p>\n\n\n\n<p>\u201cLa desinformaci\u00f3n generada en redes sociales, deriva de un operativo, realizado el pasado 8 de mayo, en el que se llev\u00f3 a cabo la reubicaci\u00f3n de 17 personas privadas de su libertad y que culmin\u00f3 sin contratiempos con el apoyo de custodios penitenciarios, polic\u00edas Estatal y Auxiliar, Bancaria, Industrial y Comercial (PABIC)\u201d, inform\u00f3 en un comunicado.<\/p>\n\n\n\n<p>Detall\u00f3 que el 9 de mayo, se detect\u00f3 la fuga de un recluso, \u201cque manipul\u00f3 las rejas de la ventana de su celda, logrando evadirse del \u00e1rea de reclusi\u00f3n y por lo cual, se activaron los protocolos de seguridad correspondientes, incluyendo la notificaci\u00f3n inmediata a las autoridades ministeriales para la apertura de la carpeta de investigaci\u00f3n y la b\u00fasqueda del individuo\u201d.<\/p>\n\n\n\n<p>La Secretar\u00eda de Seguridad indic\u00f3 que por esos hechos ha iniciado una revisi\u00f3n exhaustiva de los procedimientos de seguridad, as\u00ed como de la infraestructura del Centro Penitenciario.&nbsp;<\/p>\n\n\n\n<p>En tanto, el director del penal fue cesado del cargo y, junto con cinco custodios, fue puesto a disposici\u00f3n del juez de control para determinar su responsabilidad.&nbsp;<\/p>\n\n\n\n<p>Indic\u00f3 que en esa misma fecha, se registr\u00f3 una emergencia m\u00e9dica en el m\u00f3dulo 12 del centro penitenciario, de manera inmediata, el personal de salud atendi\u00f3 al PPL identificado como O.H.R. u O.D.H.R., quien fue trasladado al Hospital Rural IMSS Bienestar n\u00famero 36, en donde se confirm\u00f3 su fallecimiento a causa de un paro cardiorrespiratorio secundario a infarto agudo al miocardio.<\/p>\n\n\n\n<p>Finalmente, la tarde de ese mismo 9 de mayo, en el m\u00f3dulo de observaci\u00f3n, se localiz\u00f3 a un PPL identificado como D.C.E. o C.E.D., suspendido frente a la reja de la estancia 10, por lo cual, se activ\u00f3 de inmediato el C\u00f3digo P\u00farpura y se dio parte a las autoridades competentes, inici\u00e1ndose una carpeta de investigaci\u00f3n. El certificado de defunci\u00f3n confirm\u00f3 asfixia mec\u00e1nica por ahorcadura, autoinfligida.<\/p>\n","protected":false},"excerpt":{"rendered":"<p>Raymundo Morales\/Zona Roja. Oaxaca de Ju\u00e1rez, Oax. 12 de mayo de 2025.- Dos personas del&hellip;<\/p>\n","protected":false},"author":2,"featured_media":80263,"comment_status":"closed","ping_status":"open","sticky":false,"template":"","format":"standard","meta":{"_lmt_disableupdate":"","_lmt_disable":"","_jetpack_memberships_contains_paid_content":false,"footnotes":""},"categories":[109,47],"tags":[1747],"class_list":["post-80262","post","type-post","status-publish","format-standard","has-post-thumbnail","hentry","category-minuto-a-minuto","category-zona-gris","tag-centro-de-reinsercion-social-de-san-francisco-tanivet"],"jetpack_featured_media_url":"https:\/\/zonaroja.com.mx\/wp-content\/uploads\/2025\/05\/Reclusorio-de-Tanivet-Tlacolula.webp","jetpack_sharing_enabled":true,"_links":{"self":[{"href":"https:\/\/zonaroja.com.mx\/index.php?rest_route=\/wp\/v2\/posts\/80262","targetHints":{"allow":["GET"]}}],"collection":[{"href":"https:\/\/zonaroja.com.mx\/index.php?rest_route=\/wp\/v2\/posts"}],"about":[{"href":"https:\/\/zonaroja.com.mx\/index.php?rest_route=\/wp\/v2\/types\/post"}],"author":[{"embeddable":true,"href":"https:\/\/zonaroja.com.mx\/index.php?rest_route=\/wp\/v2\/users\/2"}],"replies":[{"embeddable":true,"href":"https:\/\/zonaroja.com.mx\/index.php?rest_route=%2Fwp%2Fv2%2Fcomments&post=80262"}],"version-history":[{"count":1,"href":"https:\/\/zonaroja.com.mx\/index.php?rest_route=\/wp\/v2\/posts\/80262\/revisions"}],"predecessor-version":[{"id":80264,"href":"https:\/\/zonaroja.com.mx\/index.php?rest_route=\/wp\/v2\/posts\/80262\/revisions\/80264"}],"wp:featuredmedia":[{"embeddable":true,"href":"https:\/\/zonaroja.com.mx\/index.php?rest_route=\/wp\/v2\/media\/80263"}],"wp:attachment":[{"href":"https:\/\/zonaroja.com.mx\/index.php?rest_route=%2Fwp%2Fv2%2Fmedia&parent=80262"}],"wp:term":[{"taxonomy":"category","embeddable":true,"href":"https:\/\/zonaroja.com.mx\/index.php?rest_route=%2Fwp%2Fv2%2Fcategories&post=80262"},{"taxonomy":"post_tag","embeddable":true,"href":"https:\/\/zonaroja.com.mx\/index.php?rest_route=%2Fwp%2Fv2%2Ftags&post=80262"}],"curies":[{"name":"wp","href":"https:\/\/api.w.org\/{rel}","templated":true}]}}