{"id":80265,"date":"2025-05-12T22:20:49","date_gmt":"2025-05-13T04:20:49","guid":{"rendered":"https:\/\/zonaroja.com.mx\/?p=80265"},"modified":"2025-05-12T22:20:52","modified_gmt":"2025-05-13T04:20:52","slug":"aumenta-a-cinco-personas-asesinadas-incluyendo-candidata-en-veracruz","status":"publish","type":"post","link":"https:\/\/zonaroja.com.mx\/?p=80265","title":{"rendered":"Aumenta a cinco personas asesinadas, incluyendo candidata, en Veracruz"},"content":{"rendered":"\n<p>Redacci\u00f3n\/Zona Roja Cdmx.<\/p>\n\n\n\n<p>Ciudad de M\u00e9xico, a 12 de mayo de 2025.- La gobernadora de Veracruz, Roc\u00edo Nahle, inform\u00f3 que suben a cinco los muertos y a tres las lesionadas por el ataque contra la candidata morenista a la alcald\u00eda de Texistepec, Yesenia Lara, ocurrido la noche del domingo 11 de mayo durante un mitin.<\/p>\n\n\n\n<p>Nahle Garc\u00eda indic\u00f3 que adem\u00e1s de Lara han muerto otras cuatro personas, incluido su escolta personal, Aar\u00f3n Nolasco, y uno de sus simpatizantes y brigadistas de campa\u00f1a, Silvestre Gonz\u00e1lez, tambi\u00e9n atacados a balazos.<\/p>\n\n\n\n<p>La gobernadora detall\u00f3 adem\u00e1s que las balas alcanzaron a miembros de una familia que se hab\u00eda acercado a saludar a Lara y que murieron en medio del ataque en Texistepec, ellos son Miguel \u00c1ngel Navarro Lechuga, miembro activo de la polic\u00eda municipal de J\u00e1ltipan, y su hija, Marisol Navarro.<\/p>\n\n\n\n<p>Mientras que el otro hijo del polic\u00eda, Mario Navarro, se encuentra herido de gravedad en un hospital, junto con otras dos personas que no han sido identificadas.<\/p>\n\n\n\n<p>Claramente este es un tema de violencia pol\u00edtica\u201d, afirm\u00f3 Nahle durante una conferencia de prensa.<\/p>\n\n\n\n<p>La gobernadora de Veracruz se\u00f1al\u00f3 que van a esperar el resultado de las investigaciones que realiza la Fiscal\u00eda para dar m\u00e1s detalles.<\/p>\n\n\n\n<p>Hasta el momento, no se ha informado de personas detenidas por el m\u00faltiple homicidio.<\/p>\n\n\n\n<p>No obstante, Nahle Garc\u00eda asegur\u00f3 que \u201ctodos los recursos\u201d y el apoyo del Gobierno est\u00e1n puestos en el caso, seg\u00fan le comunic\u00f3 el Secretario de Seguridad y Protecci\u00f3n Ciudadana (SSPC), Omar Garc\u00eda Harfuch.<\/p>\n\n\n\n<p>\u201cEfectivamente, van a enviar una c\u00e9lula de investigaci\u00f3n para ayudarnos para reforzar esta zona, va a ser necesario aumentar el n\u00famero de elementos de la Guardia Nacional\u201d, dijo la gobernadora, sin mencionar la cifra.<\/p>\n\n\n\n<p>\u201cNosotros estamos garantizando que la elecci\u00f3n del 1 de junio se lleve a cabo. Va a haber una elecci\u00f3n, hay todas las condiciones, a pesar de que quieran crear un ambiente de miedo\u201d, sostuvo Nahle.<\/p>\n\n\n\n<p>Veracruz celebrar\u00e1 elecciones locales en sus 212 municipios este 1 de junio, donde se han registrado 12 mil 142 apirantes a alcald\u00edas, sindicaturas y regidur\u00edas de seis partidos pol\u00edticos.<\/p>\n\n\n\n<p>Este crimen es el segundo ocurrido durante las campa\u00f1as en Veracruz que se iniciaron el pasado 29 de abril.<\/p>\n\n\n\n<p>Precisamente, en el arranque de la contienda electoral fue asesinado el candidato de Morena a la alcald\u00eda de Coxquihui, Germ\u00e1n Anuar Valencia, y seis de sus seguidores resultaron heridos con arma de fuego.<\/p>\n\n\n\n<p>Previo al inicio de campa\u00f1as, al menos 20 candidatos en el estado hab\u00edan denunciado haber sido amenazados, por lo que solicitaron a las autoridades protecci\u00f3n policial.<\/p>\n\n\n\n<p>(Con informaci\u00f3n de EFE, en L\u00f3pez-D\u00f3riga Digital)<\/p>\n","protected":false},"excerpt":{"rendered":"<p>Redacci\u00f3n\/Zona Roja Cdmx. Ciudad de M\u00e9xico, a 12 de mayo de 2025.- La gobernadora de&hellip;<\/p>\n","protected":false},"author":2,"featured_media":80266,"comment_status":"closed","ping_status":"open","sticky":false,"template":"","format":"standard","meta":{"_lmt_disableupdate":"","_lmt_disable":"","_jetpack_memberships_contains_paid_content":false,"footnotes":""},"categories":[109,47],"tags":[4303],"class_list":["post-80265","post","type-post","status-publish","format-standard","has-post-thumbnail","hentry","category-minuto-a-minuto","category-zona-gris","tag-yesenia-lara-texistepec"],"jetpack_featured_media_url":"https:\/\/zonaroja.com.mx\/wp-content\/uploads\/2025\/05\/Candidata-asesinada-Texistepec.webp","jetpack_sharing_enabled":true,"_links":{"self":[{"href":"https:\/\/zonaroja.com.mx\/index.php?rest_route=\/wp\/v2\/posts\/80265","targetHints":{"allow":["GET"]}}],"collection":[{"href":"https:\/\/zonaroja.com.mx\/index.php?rest_route=\/wp\/v2\/posts"}],"about":[{"href":"https:\/\/zonaroja.com.mx\/index.php?rest_route=\/wp\/v2\/types\/post"}],"author":[{"embeddable":true,"href":"https:\/\/zonaroja.com.mx\/index.php?rest_route=\/wp\/v2\/users\/2"}],"replies":[{"embeddable":true,"href":"https:\/\/zonaroja.com.mx\/index.php?rest_route=%2Fwp%2Fv2%2Fcomments&post=80265"}],"version-history":[{"count":1,"href":"https:\/\/zonaroja.com.mx\/index.php?rest_route=\/wp\/v2\/posts\/80265\/revisions"}],"predecessor-version":[{"id":80267,"href":"https:\/\/zonaroja.com.mx\/index.php?rest_route=\/wp\/v2\/posts\/80265\/revisions\/80267"}],"wp:featuredmedia":[{"embeddable":true,"href":"https:\/\/zonaroja.com.mx\/index.php?rest_route=\/wp\/v2\/media\/80266"}],"wp:attachment":[{"href":"https:\/\/zonaroja.com.mx\/index.php?rest_route=%2Fwp%2Fv2%2Fmedia&parent=80265"}],"wp:term":[{"taxonomy":"category","embeddable":true,"href":"https:\/\/zonaroja.com.mx\/index.php?rest_route=%2Fwp%2Fv2%2Fcategories&post=80265"},{"taxonomy":"post_tag","embeddable":true,"href":"https:\/\/zonaroja.com.mx\/index.php?rest_route=%2Fwp%2Fv2%2Ftags&post=80265"}],"curies":[{"name":"wp","href":"https:\/\/api.w.org\/{rel}","templated":true}]}}