{"id":80272,"date":"2025-05-13T08:15:00","date_gmt":"2025-05-13T14:15:00","guid":{"rendered":"https:\/\/zonaroja.com.mx\/?p=80272"},"modified":"2025-05-13T07:29:21","modified_gmt":"2025-05-13T13:29:21","slug":"exige-el-prd-justicia-por-asesinato-de-ex-edil-en-ipalapa-oaxaca","status":"publish","type":"post","link":"https:\/\/zonaroja.com.mx\/?p=80272","title":{"rendered":"Exige el PRD justicia por asesinato de ex edil en Ipalapa, Oaxaca"},"content":{"rendered":"\n<p>Ismael Garc\u00eda M.\/Zona Roja.<\/p>\n\n\n\n<p>Oaxaca de Ju\u00e1rez, Oax., a 13 de mayo de 2025.- La dirigencia del Partido de la Revoluci\u00f3n Democr\u00e1tica (PRD) en Oaxaca lament\u00f3 el asesinato de uno de sus militantes, Gerardo Leobardo Santos L\u00f3pez, y exigi\u00f3 justicia por este crimen en contra del ex edil y ex candidato de Santa Mar\u00eda Ipalapa, perpetrado el pasado domingo 11 de mayo.<\/p>\n\n\n\n<p>\u201cEste acto atroz no s\u00f3lo arrebata la vida de un hombre comprometido con su comunidad, sino que representa un ataque directo a la democracia, la libertad y los principios que nuestro partido defiende. La violencia contra quienes ejercen o han ejercido una funci\u00f3n p\u00fablica o aspiran a hacerlo representa una amenaza directa a la paz social y al fortalecimiento de nuestras instituciones\u201d, destac\u00f3.<\/p>\n\n\n\n<p>En un comunicado, expuso que Gerardo Leobardo \u201cfue un hombre y padre de familia ejemplar, ademas un luchador incansable por la justicia social, la igualdad y el desarrollo de Santa Mar\u00eda Ipalapa.&nbsp;<\/p>\n\n\n\n<p>\u201cSu dedicaci\u00f3n al servicio publico y su valent\u00eda para alzar la voz en defensa de su pueblo lo convirtieron en un ejemplo de compromiso c\u00edvico. Su asesinato es una afrenta a todas las y los oaxaque\u00f1os que creemos en un Estado de derecho, donde la violencia no tenga cabida y donde las diferencias pol\u00edticas se resuelvan en las urnas, no con balas\u201d.<\/p>\n\n\n\n<p>Por ello, demand\u00f3 una investigaci\u00f3n inmediata, exhaustiva y transparente por parte de la Fiscal\u00eda General del Estado de Oaxaca para esclarecer este crimen y llevar a los responsables materiales e intelectuales ante la justicia. \u201cNo toleraremos dilaciones ni encubrimientos\u201d.<\/p>\n\n\n\n<p>Asimismo, \ufeffcastigo ejemplar a los culpables, sin distinciones ni privilegios, \u201cpara sentar un precedente claro de que la impunidad no tiene lugar en Oaxaca\u201d.<\/p>\n\n\n\n<p>Igualmente, al Gobierno del Estado, la dirigencia del PRD demand\u00f3 frenar la escalada de violencia e inseguridad en el estado.<\/p>\n\n\n\n<p>\u201cHacemos un llamado urgente a las autoridades estatales y federales a que hagan su trabajo y erradique la impunidad y fortalezcan el estado de derecho para que casos como este no se repitan\u201d, sostuvo.<\/p>\n","protected":false},"excerpt":{"rendered":"<p>Ismael Garc\u00eda M.\/Zona Roja. Oaxaca de Ju\u00e1rez, Oax., a 13 de mayo de 2025.- La&hellip;<\/p>\n","protected":false},"author":2,"featured_media":80275,"comment_status":"closed","ping_status":"open","sticky":false,"template":"","format":"standard","meta":{"_lmt_disableupdate":"","_lmt_disable":"","_jetpack_memberships_contains_paid_content":false,"footnotes":""},"categories":[109,47],"tags":[1753],"class_list":["post-80272","post","type-post","status-publish","format-standard","has-post-thumbnail","hentry","category-minuto-a-minuto","category-zona-gris","tag-santa-maria-ipalapa"],"jetpack_featured_media_url":"https:\/\/zonaroja.com.mx\/wp-content\/uploads\/2025\/05\/PRD-exige-justicia-ex-edil-Ipalapa.jpg","jetpack_sharing_enabled":true,"_links":{"self":[{"href":"https:\/\/zonaroja.com.mx\/index.php?rest_route=\/wp\/v2\/posts\/80272","targetHints":{"allow":["GET"]}}],"collection":[{"href":"https:\/\/zonaroja.com.mx\/index.php?rest_route=\/wp\/v2\/posts"}],"about":[{"href":"https:\/\/zonaroja.com.mx\/index.php?rest_route=\/wp\/v2\/types\/post"}],"author":[{"embeddable":true,"href":"https:\/\/zonaroja.com.mx\/index.php?rest_route=\/wp\/v2\/users\/2"}],"replies":[{"embeddable":true,"href":"https:\/\/zonaroja.com.mx\/index.php?rest_route=%2Fwp%2Fv2%2Fcomments&post=80272"}],"version-history":[{"count":2,"href":"https:\/\/zonaroja.com.mx\/index.php?rest_route=\/wp\/v2\/posts\/80272\/revisions"}],"predecessor-version":[{"id":80274,"href":"https:\/\/zonaroja.com.mx\/index.php?rest_route=\/wp\/v2\/posts\/80272\/revisions\/80274"}],"wp:featuredmedia":[{"embeddable":true,"href":"https:\/\/zonaroja.com.mx\/index.php?rest_route=\/wp\/v2\/media\/80275"}],"wp:attachment":[{"href":"https:\/\/zonaroja.com.mx\/index.php?rest_route=%2Fwp%2Fv2%2Fmedia&parent=80272"}],"wp:term":[{"taxonomy":"category","embeddable":true,"href":"https:\/\/zonaroja.com.mx\/index.php?rest_route=%2Fwp%2Fv2%2Fcategories&post=80272"},{"taxonomy":"post_tag","embeddable":true,"href":"https:\/\/zonaroja.com.mx\/index.php?rest_route=%2Fwp%2Fv2%2Ftags&post=80272"}],"curies":[{"name":"wp","href":"https:\/\/api.w.org\/{rel}","templated":true}]}}