{"id":80276,"date":"2025-05-13T09:15:00","date_gmt":"2025-05-13T15:15:00","guid":{"rendered":"https:\/\/zonaroja.com.mx\/?p=80276"},"modified":"2025-05-13T07:38:58","modified_gmt":"2025-05-13T13:38:58","slug":"asesinaron-los-militares-a-dos-ninas-en-sinaloa","status":"publish","type":"post","link":"https:\/\/zonaroja.com.mx\/?p=80276","title":{"rendered":"\u00bfAsesinaron los militares a dos ni\u00f1as en Sinaloa?"},"content":{"rendered":"\n<p>Redacci\u00f3n\/Zona Roja Cdmx. Foto: Luz Noticias.<\/p>\n\n\n\n<p>Ciudad de M\u00e9xico, a 13 de mayo de 2025.- Este lunes 12 de mayo, alumnos de la escuela primaria \u201cRafael Ram\u00edrez\u201d, donde estudiaban Leydi y Alexa,&nbsp;ni\u00f1as asesinadas el pasado 6 de mayo en Badiraguato, realizaron un homenaje en memoria de ellas.<br>En las afueras de la escuela los compa\u00f1eros y familiares de las ni\u00f1as llevaron a cabo un plant\u00f3n vestidos de blanco y con lonas que portaban las im\u00e1genes de las ni\u00f1as, as\u00ed como cartulinas con mensajes que imploraban protecci\u00f3n para sus vidas. En el lugar gritaron consignas en contra de las autoridades y solicitaron que se hiciera justicia con los presuntos asesinos de las menores.<\/p>\n\n\n\n<p>Las maestras de las infantas, con los rostros impregnados de tristeza portaban mensajes que dec\u00edan \u201cEn el 1B no deber\u00eda faltarme Alexa\u201d. Por su parte, el director de la primaria pidi\u00f3 que las cosas se mejoren para todo el estado de Sinaloa.<\/p>\n\n\n\n<p>VAN 39<\/p>\n\n\n\n<p>Mientras tanto, el presidente de la Comisi\u00f3n Estatal de Derechos Humanos, \u00d3scar Loza Ochoa, declar\u00f3 que hechos como este reflejan que no se ve un horizonte cercano en el que termine la violencia, a pesar del reclamo de la sociedad de que los ni\u00f1os son intocables.<br>Adem\u00e1s, indic\u00f3 que la ciudadan\u00eda tiene que seguir alzando la voz para que la violencia en la entidad no quede impune. De acuerdo a la comisi\u00f3n, el asesinato de Leydi y Alexa da un total de 39 ni\u00f1os asesinados en Sinaloa desde que inici\u00f3 la pugna entre dos grupos criminales.<\/p>\n\n\n\n<p>FUEGO CRUZADO, NO<\/p>\n\n\n\n<p>Familiares mostraron indignaci\u00f3n ante las versiones de los hechos dadas por las autoridades tras el asesinato de las menores. Aunque el Gobierno del Estado declar\u00f3 que las ni\u00f1as fueron v\u00edctimas de un \u201cfuego cruzado\u201d, los familiares lo descartaron.<br>Seg\u00fan No\u00e9, t\u00edo de ambas, se trat\u00f3 de una agresi\u00f3n directa por parte de militares, algo que considera que no tiene justificaci\u00f3n, ya que el autom\u00f3vil en el que viajaban las ni\u00f1as no present\u00f3 se\u00f1ales de agresi\u00f3n hacia ellos como para justificar esa respuesta.<\/p>\n\n\n\n<p>\u201cCreo que ya esta declaraci\u00f3n ya la dio mi hermana. Ya la dieron muchas personas que estuvieron ah\u00ed. No fue un enfrentamiento, fue directamente con ellos. Ellos no recibieron ning\u00fan aviso de alto ni nada, simplemente ellos se los toparon y pues donde ellos empezaron atacar sin ninguna excusa de nada, de ellos de haberse sentido atacados, ni mucho menos que hay un sentido de agresi\u00f3n por ellos, es totalmente falso\u201d, dijo.<\/p>\n\n\n\n<p>La Fiscal\u00eda General del Estado de Sinaloa indic\u00f3 que desde un primer momento se manej\u00f3 la versi\u00f3n de que el asesinato fue perpetrado por personal militar por lo que la investigaci\u00f3n est\u00e1 siendo conducida por la Fiscal\u00eda General de la Rep\u00fablica.<br>\u201cDe primer momento fue a trav\u00e9s de un fuego cruzado, agresi\u00f3n a personal militar y en base a la competencia federal es porque corresponde a la Fiscal\u00eda FGR quien est\u00e1 integrando la carpeta\u201d, indic\u00f3 Claudia Zulema S\u00e1nchez Kondo , fiscal de Sinaloa.<\/p>\n\n\n\n<p>(Informaci\u00f3n de N+ Noticias)<\/p>\n","protected":false},"excerpt":{"rendered":"<p>Redacci\u00f3n\/Zona Roja Cdmx. Foto: Luz Noticias. Ciudad de M\u00e9xico, a 13 de mayo de 2025.-&hellip;<\/p>\n","protected":false},"author":2,"featured_media":80278,"comment_status":"closed","ping_status":"open","sticky":false,"template":"","format":"standard","meta":{"_lmt_disableupdate":"","_lmt_disable":"","_jetpack_memberships_contains_paid_content":false,"footnotes":""},"categories":[1],"tags":[4146],"class_list":["post-80276","post","type-post","status-publish","format-standard","has-post-thumbnail","hentry","category-sin-categoria","tag-violencia-en-sinaloa"],"jetpack_featured_media_url":"https:\/\/zonaroja.com.mx\/wp-content\/uploads\/2025\/05\/Ninas-asesinadas-en-Badiraguato-Sinaloa.jpg","jetpack_sharing_enabled":true,"_links":{"self":[{"href":"https:\/\/zonaroja.com.mx\/index.php?rest_route=\/wp\/v2\/posts\/80276","targetHints":{"allow":["GET"]}}],"collection":[{"href":"https:\/\/zonaroja.com.mx\/index.php?rest_route=\/wp\/v2\/posts"}],"about":[{"href":"https:\/\/zonaroja.com.mx\/index.php?rest_route=\/wp\/v2\/types\/post"}],"author":[{"embeddable":true,"href":"https:\/\/zonaroja.com.mx\/index.php?rest_route=\/wp\/v2\/users\/2"}],"replies":[{"embeddable":true,"href":"https:\/\/zonaroja.com.mx\/index.php?rest_route=%2Fwp%2Fv2%2Fcomments&post=80276"}],"version-history":[{"count":1,"href":"https:\/\/zonaroja.com.mx\/index.php?rest_route=\/wp\/v2\/posts\/80276\/revisions"}],"predecessor-version":[{"id":80277,"href":"https:\/\/zonaroja.com.mx\/index.php?rest_route=\/wp\/v2\/posts\/80276\/revisions\/80277"}],"wp:featuredmedia":[{"embeddable":true,"href":"https:\/\/zonaroja.com.mx\/index.php?rest_route=\/wp\/v2\/media\/80278"}],"wp:attachment":[{"href":"https:\/\/zonaroja.com.mx\/index.php?rest_route=%2Fwp%2Fv2%2Fmedia&parent=80276"}],"wp:term":[{"taxonomy":"category","embeddable":true,"href":"https:\/\/zonaroja.com.mx\/index.php?rest_route=%2Fwp%2Fv2%2Fcategories&post=80276"},{"taxonomy":"post_tag","embeddable":true,"href":"https:\/\/zonaroja.com.mx\/index.php?rest_route=%2Fwp%2Fv2%2Ftags&post=80276"}],"curies":[{"name":"wp","href":"https:\/\/api.w.org\/{rel}","templated":true}]}}