{"id":80279,"date":"2025-05-13T10:15:00","date_gmt":"2025-05-13T16:15:00","guid":{"rendered":"https:\/\/zonaroja.com.mx\/?p=80279"},"modified":"2025-05-13T07:55:36","modified_gmt":"2025-05-13T13:55:36","slug":"demanda-senador-regular-compra-y-registro-de-drones","status":"publish","type":"post","link":"https:\/\/zonaroja.com.mx\/?p=80279","title":{"rendered":"Demanda senador regular compra y registro de drones"},"content":{"rendered":"\n<p>Redacci\u00f3n\/Zona Roja Cdmx.<\/p>\n\n\n\n<p>Ciudad de M\u00e9xico, a 13 de mayo de 2025.- El senador Antonino Morales Toledo urgi\u00f3 discutir la iniciativa presentada en el pasado periodo ordinario de sesiones para hacer obligatorio el registro de datos de personas f\u00edsicas o morales que se dediquen a la comercializaci\u00f3n de drones y la tipificaci\u00f3n en actividades delictivas, luego de que el gobierno estadounidense confirm\u00f3 que ha aumentado el uso de las aeronaves no tripuladas por parte de la delincuencia para vigilar operaciones oficiales.<\/p>\n\n\n\n<p>El legislador zapoteco se refiri\u00f3 a las declaraciones de Gloria Ch\u00e1vez, jefa de la Patrulla Fronteriza para el sector de R\u00edo Grande, en Texas, quien dijo que desde febrero de 2022 las autoridades de seguridad en Estados Unidos han detectado m\u00e1s de 155 mil vuelos de drones provenientes de territorio mexicano, que se habr\u00edan utilizado para vigilar y grabar las operaciones de la Patrulla Fronteriza (CBP) y otras agencias desplegadas en la frontera sur.<\/p>\n\n\n\n<p>Nino Morales record\u00f3 que la iniciativa presentada antes de cerrar el periodo ordinario, y turnada a las comisiones de Comunicaciones y Transportes y de Estudios Legislativos, busca establecer un registro de personas morales y f\u00edsicas que se dediquen tanto a la comercializaci\u00f3n como a la adquisici\u00f3n de drones, para darle seguimiento y saber qui\u00e9nes son los due\u00f1os y donde se ubica ese equipo.<\/p>\n\n\n\n<p>Adem\u00e1s de que se sujetar\u00e1n a la Ley de Aviaci\u00f3n Civil y la Norma Oficial Mexicana, \u201cde lo contrario pueda aplicar las sanciones administrativas correspondientes, o en su caso solicitar las sanciones civiles y penales que correspondan en el caso concreto\u201d.<\/p>\n\n\n\n<p>Aclar\u00f3 que ello no interfiere con el uso para la recreaci\u00f3n o actividades profesionales como la fotograf\u00eda, porque se trata de ubicar y dar trazabilidad a equipos utilizados con fines delincuenciales.<\/p>\n\n\n\n<p>\u201cEstamos en tiempo de poner orden y controlar esta situaci\u00f3n, no solo porque haya esta preocupaci\u00f3n en nuestros vecinos del norte, sino por la propia seguridad de los mexicanos y nuestros cuerpos policiacos y fuerzas armadas, que han sido atacados por los narcotraficantes con este tipo de equipos\u201d.<\/p>\n\n\n\n<p>El senador Morales Toledo llam\u00f3 a las comisiones a sesionar, porque el receso no debe retrasar la discusi\u00f3n de los temas pendientes, como esta reforma que inhibir\u00eda tareas de halconeo para evadir retenes o espiar lugares, entre otras actividades delictivas.<\/p>\n\n\n\n<p>La iniciativa que reforma y adiciona la Ley de Aviaci\u00f3n Civil, en materia de aeronaves no tripuladas, busca regular los puntos de venta y que exista un registro de quienes los importan, venden y poseen para conocer donde terminan y en manos de qui\u00e9n.<\/p>\n\n\n\n<p>Se propone que la Agencia Federal de Aviaci\u00f3n Civil tendr\u00e1 la obligaci\u00f3n de darle seguimiento al cumplimiento del registro que deben hacer las personas f\u00edsicas y morales que comercialicen o adquieran drones en el pa\u00eds.<\/p>\n\n\n\n<p>Con esta reforma se busca crear el Registro Aeron\u00e1utico de Sistemas de Aeronaves Pilotadas a Distancia, que incluye aeronaves no tripuladas que por su desarrollo tecnol\u00f3gico no se encuentren en las anteriores.<\/p>\n\n\n\n<p>A la Agencia Federal de Aviaci\u00f3n Civil, le corresponde administrar y operar el citado registro y deber\u00e1n inscribirse las personas f\u00edsicas o morales que comercialicen o importen cualquier tipo de Aeronaves Pilotadas a Distancia.<\/p>\n","protected":false},"excerpt":{"rendered":"<p>Redacci\u00f3n\/Zona Roja Cdmx. Ciudad de M\u00e9xico, a 13 de mayo de 2025.- El senador Antonino&hellip;<\/p>\n","protected":false},"author":2,"featured_media":77663,"comment_status":"closed","ping_status":"open","sticky":false,"template":"","format":"standard","meta":{"_lmt_disableupdate":"","_lmt_disable":"","_jetpack_memberships_contains_paid_content":false,"footnotes":""},"categories":[1],"tags":[180],"class_list":["post-80279","post","type-post","status-publish","format-standard","has-post-thumbnail","hentry","category-sin-categoria","tag-antonino-morales-toledo"],"jetpack_featured_media_url":"https:\/\/zonaroja.com.mx\/wp-content\/uploads\/2025\/02\/Antonino-Morales-conferencia-senadores.jpg","jetpack_sharing_enabled":true,"_links":{"self":[{"href":"https:\/\/zonaroja.com.mx\/index.php?rest_route=\/wp\/v2\/posts\/80279","targetHints":{"allow":["GET"]}}],"collection":[{"href":"https:\/\/zonaroja.com.mx\/index.php?rest_route=\/wp\/v2\/posts"}],"about":[{"href":"https:\/\/zonaroja.com.mx\/index.php?rest_route=\/wp\/v2\/types\/post"}],"author":[{"embeddable":true,"href":"https:\/\/zonaroja.com.mx\/index.php?rest_route=\/wp\/v2\/users\/2"}],"replies":[{"embeddable":true,"href":"https:\/\/zonaroja.com.mx\/index.php?rest_route=%2Fwp%2Fv2%2Fcomments&post=80279"}],"version-history":[{"count":1,"href":"https:\/\/zonaroja.com.mx\/index.php?rest_route=\/wp\/v2\/posts\/80279\/revisions"}],"predecessor-version":[{"id":80280,"href":"https:\/\/zonaroja.com.mx\/index.php?rest_route=\/wp\/v2\/posts\/80279\/revisions\/80280"}],"wp:featuredmedia":[{"embeddable":true,"href":"https:\/\/zonaroja.com.mx\/index.php?rest_route=\/wp\/v2\/media\/77663"}],"wp:attachment":[{"href":"https:\/\/zonaroja.com.mx\/index.php?rest_route=%2Fwp%2Fv2%2Fmedia&parent=80279"}],"wp:term":[{"taxonomy":"category","embeddable":true,"href":"https:\/\/zonaroja.com.mx\/index.php?rest_route=%2Fwp%2Fv2%2Fcategories&post=80279"},{"taxonomy":"post_tag","embeddable":true,"href":"https:\/\/zonaroja.com.mx\/index.php?rest_route=%2Fwp%2Fv2%2Ftags&post=80279"}],"curies":[{"name":"wp","href":"https:\/\/api.w.org\/{rel}","templated":true}]}}