{"id":8028,"date":"2020-01-24T22:01:21","date_gmt":"2020-01-25T04:01:21","guid":{"rendered":"http:\/\/www.zonaroja.com.mx\/?p=8028"},"modified":"2020-01-25T06:37:51","modified_gmt":"2020-01-25T12:37:51","slug":"viernes-rojo-3-ejecutados-en-la-cuenca-un-asesinado-en-supercarretera","status":"publish","type":"post","link":"https:\/\/zonaroja.com.mx\/?p=8028","title":{"rendered":"Viernes rojo: 3 ejecutados en la Cuenca; un asesinado en supercarretera"},"content":{"rendered":"\n<p>Redacci\u00f3n\/Zona Roja.<\/p>\n\n\n\n<p>Oaxaca de Ju\u00e1rez, Oax., 24 de enero de\n2020.- Este viernes, tres personas fueron ejecutadas y torturadas en los\nl\u00edmites de Oaxaca con Veracruz, mientras que la supercarretera\nOaxaca-Cuacnopalan, jurisdicci\u00f3n de Nochixtl\u00e1n, un presunto asaltante fue\nabatido a balazos y un polic\u00eda result\u00f3 herido, tras un enfrentamiento.<\/p>\n\n\n\n<p>Previo a ello, corporaciones policiacas\nconfirmaron que la tarde del mi\u00e9rcoles, una mujer fue asesinada y su hijo de\ndos a\u00f1os de edad lesionado de bala, en Santiago Amoltepec, municipio de la\nregi\u00f3n Sierra Sur.<\/p>\n\n\n\n<p>El cuerpo de Margarita, de 50 a\u00f1os de\nedad, qued\u00f3 en el interior de su vivienda, en el barrio Arenal, mientras que el\nmenor de edad fue trasladado de emergencia a un hospital.<\/p>\n\n\n\n<p>CUENCA SANGRIENTA<\/p>\n\n\n\n<p>Alrededor de las 10:00 horas de este\nviernes, fueron hallados los cuerpos de tres personas, con huellas de tortura y\ndisparos de arma de fuego en diversas partes del cuerpo.<\/p>\n\n\n\n<p>Los hechos, en territorio oaxaque\u00f1o,\ncerca de la carretera de San Juan Bautista Tuxtepec hacia Playa Vicente,\nVeracruz, a la altura del paraje \u201cLos Rosales\u201d, de Mar\u00eda Lombardo de Caso,\nperteneciente al municipio de San Juan Cotzoc\u00f3n Mixe.<\/p>\n\n\n\n<p>Las v\u00edctimas fueron identificadas de manera preliminar como Jos\u00e9 Alfredo, Juan Carlos y Jes\u00fas Alberto Moreno.<\/p>\n\n\n\n<figure class=\"wp-block-image\"><img decoding=\"async\" src=\"http:\/\/www.zonaroja.com.mx\/wp-content\/uploads\/2020\/01\/Ejecutados-Cuenca.jpg\" alt=\"\" class=\"wp-image-8030\" \/><\/figure>\n\n\n\n<p>ENFRENTAMIENTO EN CARRETERA<\/p>\n\n\n\n<p>Por otra parte, aproximadamente a las\n13:00 horas de hoy se report\u00f3 un enfrentamiento entre presuntos delincuentes y\nelementos de la extinta Polic\u00eda Federal, hoy Guardia Nacional.<\/p>\n\n\n\n<p>Los hechos sucedieron a la altura del\nkil\u00f3metro 158 de la supercarretera Oaxaca-Cuacnopalan, jurisdicci\u00f3n de\nNativitas, Nochixtl\u00e1n.<\/p>\n\n\n\n<p>Elementos policiacos dieron alcance a\nlos ocupantes de una camioneta color gris, marca BMW, porque hab\u00edan sido\nreportados portando armas; sin embargo, los polic\u00edas fueron recibidos a\nbalazos.<\/p>\n\n\n\n<p>Un uniformado identificad como Jos\u00e9 Manuel Guti\u00e9rrez Ramos, de 38 a\u00f1os de edad, fue lesionado de bala y trasladado a un hospital, mientras que un presunto maleante fue muerto a balazos, mismo que no ha sido identificado a\u00fan.<\/p>\n\n\n\n<figure class=\"wp-block-image\"><img decoding=\"async\" width=\"1024\" height=\"768\" src=\"http:\/\/www.zonaroja.com.mx\/wp-content\/uploads\/2020\/01\/Muerto-supercarretera-1-1024x768.jpg\" alt=\"\" class=\"wp-image-8032\" srcset=\"https:\/\/zonaroja.com.mx\/wp-content\/uploads\/2020\/01\/Muerto-supercarretera-1-1024x768.jpg 1024w, https:\/\/zonaroja.com.mx\/wp-content\/uploads\/2020\/01\/Muerto-supercarretera-1-300x225.jpg 300w, https:\/\/zonaroja.com.mx\/wp-content\/uploads\/2020\/01\/Muerto-supercarretera-1-768x576.jpg 768w, https:\/\/zonaroja.com.mx\/wp-content\/uploads\/2020\/01\/Muerto-supercarretera-1-1170x878.jpg 1170w, https:\/\/zonaroja.com.mx\/wp-content\/uploads\/2020\/01\/Muerto-supercarretera-1-585x439.jpg 585w, https:\/\/zonaroja.com.mx\/wp-content\/uploads\/2020\/01\/Muerto-supercarretera-1.jpg 1280w\" sizes=\"(max-width: 1024px) 100vw, 1024px\" \/><\/figure>\n","protected":false},"excerpt":{"rendered":"<p>Redacci\u00f3n\/Zona Roja. Oaxaca de Ju\u00e1rez, Oax., 24 de enero de 2020.- Este viernes, tres personas&hellip;<\/p>\n","protected":false},"author":2,"featured_media":8029,"comment_status":"closed","ping_status":"open","sticky":false,"template":"","format":"standard","meta":{"_lmt_disableupdate":"","_lmt_disable":"","_jetpack_memberships_contains_paid_content":false,"footnotes":""},"categories":[109,51],"tags":[742],"class_list":["post-8028","post","type-post","status-publish","format-standard","has-post-thumbnail","hentry","category-minuto-a-minuto","category-zona-roja","tag-maria-lombardo-de-caso"],"jetpack_featured_media_url":"https:\/\/zonaroja.com.mx\/wp-content\/uploads\/2020\/01\/Muerto-supercarretera-2.jpg","jetpack_sharing_enabled":true,"_links":{"self":[{"href":"https:\/\/zonaroja.com.mx\/index.php?rest_route=\/wp\/v2\/posts\/8028","targetHints":{"allow":["GET"]}}],"collection":[{"href":"https:\/\/zonaroja.com.mx\/index.php?rest_route=\/wp\/v2\/posts"}],"about":[{"href":"https:\/\/zonaroja.com.mx\/index.php?rest_route=\/wp\/v2\/types\/post"}],"author":[{"embeddable":true,"href":"https:\/\/zonaroja.com.mx\/index.php?rest_route=\/wp\/v2\/users\/2"}],"replies":[{"embeddable":true,"href":"https:\/\/zonaroja.com.mx\/index.php?rest_route=%2Fwp%2Fv2%2Fcomments&post=8028"}],"version-history":[{"count":1,"href":"https:\/\/zonaroja.com.mx\/index.php?rest_route=\/wp\/v2\/posts\/8028\/revisions"}],"predecessor-version":[{"id":8033,"href":"https:\/\/zonaroja.com.mx\/index.php?rest_route=\/wp\/v2\/posts\/8028\/revisions\/8033"}],"wp:featuredmedia":[{"embeddable":true,"href":"https:\/\/zonaroja.com.mx\/index.php?rest_route=\/wp\/v2\/media\/8029"}],"wp:attachment":[{"href":"https:\/\/zonaroja.com.mx\/index.php?rest_route=%2Fwp%2Fv2%2Fmedia&parent=8028"}],"wp:term":[{"taxonomy":"category","embeddable":true,"href":"https:\/\/zonaroja.com.mx\/index.php?rest_route=%2Fwp%2Fv2%2Fcategories&post=8028"},{"taxonomy":"post_tag","embeddable":true,"href":"https:\/\/zonaroja.com.mx\/index.php?rest_route=%2Fwp%2Fv2%2Ftags&post=8028"}],"curies":[{"name":"wp","href":"https:\/\/api.w.org\/{rel}","templated":true}]}}