{"id":80281,"date":"2025-05-13T11:54:00","date_gmt":"2025-05-13T17:54:00","guid":{"rendered":"https:\/\/zonaroja.com.mx\/?p=80281"},"modified":"2025-05-13T08:14:09","modified_gmt":"2025-05-13T14:14:09","slug":"ligada-a-murat-y-uro-nueva-titular-de-transparencia-de-mexico","status":"publish","type":"post","link":"https:\/\/zonaroja.com.mx\/?p=80281","title":{"rendered":"Ligada a Murat y URO, nueva titular de Transparencia de M\u00e9xico"},"content":{"rendered":"\n<p>Redacci\u00f3n\/Zona Roja Cdmx.<\/p>\n\n\n\n<p>Ciudad de M\u00e9xico, a 13 de mayo de 2025.- La titular de Transparencia para el Pueblo, Mar\u00eda Tanivet Ramos Reyes, fue presentada ante los excomisionados del extinto Instituto Nacional de Transparencia, Acceso a la Informaci\u00f3n y Protecci\u00f3n de Datos Personales (INAI) durante el acto oficial de entrega-recepci\u00f3n. En el evento, celebrado el pasado viernes 9 de mayo, Ramos y el nuevo organismo recibieron formalmente los asuntos en curso del desaparecido instituto.<\/p>\n\n\n\n<p>Mar\u00eda Tanivet Ramos Reyes, es hija de Norma Reyes Refr\u00e1n, quien ejerci\u00f3 como funcionaria estatal en los gobiernos priistas de Jos\u00e9 Murat Casab (1998-2004) y Ulises Ruiz Ortiz (2004-2010) en Oaxaca. Ramos es licenciada en Ciencias Pol\u00edticas y Administraci\u00f3n P\u00fablica por la Universidad Iberoamericana de Puebla y ex comisionada del Instituto de Acceso a la Informaci\u00f3n P\u00fablica y Protecci\u00f3n de Datos Personales de Oaxaca.<\/p>\n\n\n\n<p>A trav\u00e9s de un comunicado, la Secretar\u00eda Anticorrupci\u00f3n y Buen Gobierno y el nuevo \u00f3rgano desconcentrado \u201cTransparencia para el Pueblo\u201d informaron que han asumido las funciones de autoridad garante que anteriormente desempe\u00f1aba INAI. Esta instituci\u00f3n fue desmantelada el pasado 20 de marzo como parte del proceso de transferencia de funciones hacia la nueva estructura administrativa.<\/p>\n\n\n\n<p>La entrega-recepci\u00f3n institucional fue realizada de manera oficial el pasado viernes 9 de mayo; durante el evento, las excomisionadas Norma Julieta del R\u00edo Venegas, Blanca Lilia Ibarra Cadena, Josefina Rom\u00e1n Vergara y el excomisionado presidente Adri\u00e1n Alcal\u00e1 M\u00e9ndez firmaron las actas de entrega individuales, as\u00ed como el acta institucional de manera conjunta, dentro de los plazos establecidos.<\/p>\n\n\n\n<p>En su intervenci\u00f3n, la secretaria de Anticorrupci\u00f3n y Buen Gobierno, Raquel Buenrostro S\u00e1nchez, subray\u00f3 que la transici\u00f3n se llev\u00f3 a cabo de forma ordenada, conforme a derecho y en tiempo. Asimismo, reconoci\u00f3 el profesionalismo de las ex comisionadas, del excomisionado presidente y del personal del INAI por su compromiso durante este proceso ejemplar.<\/p>\n\n\n\n<p>En el comunicado, la Secretar\u00eda Anticorrupci\u00f3n y Buen Gobierno reiter\u00f3 que asume con responsabilidad las funciones de autoridad garante que le fueron transferidas, bajo la premisa de que la transparencia y la protecci\u00f3n de datos personales no solo deben mantenerse, sino fortalecerse en beneficio de la ciudadan\u00eda.<\/p>\n\n\n\n<p>\u00bfQUI\u00c9N ES?<\/p>\n\n\n\n<p>Mar\u00eda Tanivet Ramos Reyes es licenciada en Ciencias Pol\u00edticas y Administraci\u00f3n P\u00fablica por la Universidad Iberoamericana de Puebla. Curs\u00f3 un diplomado en Derecho Electoral, organizado por el Instituto Nacional Electoral (INE), y el diplomado\u201dLa transparencia como garante de la democracia\u201d, impartido por la Universidad Aut\u00f3noma Benito Ju\u00e1rez de Oaxaca.<\/p>\n\n\n\n<p>Fue integrante del Consejo Editorial de la revista Dossier Pol\u00edtico, donde public\u00f3 diversos art\u00edculos de an\u00e1lisis sobre prospectiva pol\u00edtica en los estados de Puebla y Tlaxcala. En 2009 particip\u00f3 en la elaboraci\u00f3n del \u201cDiagn\u00f3stico sobre los factores y pr\u00e1cticas que condicionan el ejercicio de ciudadan\u00eda de las mujeres de las ocho regiones del estado de Oaxaca\u201d, impulsado por el Instituto de la Mujer Oaxaque\u00f1a.<\/p>\n\n\n\n<p>Del 1 de octubre de 2021 al 25 de noviembre de 2024, se desempe\u00f1\u00f3 como comisionada del \u00d3rgano Garante de Acceso a la Informaci\u00f3n P\u00fablica, Transparencia, Protecci\u00f3n de Datos Personales y Buen Gobierno del estado de Oaxaca.<\/p>\n\n\n\n<p>Antes de asumir ese cargo, fue secretaria t\u00e9cnica del Instituto de Acceso a la Informaci\u00f3n y Protecci\u00f3n de Datos Personales de Oaxaca, organismo que fue disuelto por el Congreso local y sustituido por el actual \u00d3rgano Garante.<\/p>\n\n\n\n<p>En 2018, trabaj\u00f3 como asesora en el Instituto de Acceso a la Informaci\u00f3n P\u00fablica y Protecci\u00f3n de Datos Personales de Oaxaca, a trav\u00e9s del Programa de Cooperaci\u00f3n Internacional \u201cLaboratorio de Cohesi\u00f3n Social II M\u00e9xico\u2013Uni\u00f3n Europea\u201d. Asimismo, de 2011 a 2019, fue directora general de la organizaci\u00f3n Nuevas Estrategias de Comunicaci\u00f3n por la Igualdad A.C., y entre 2012 y 2013, ocup\u00f3 la jefatura de la Unidad de Enlace del municipio de Oaxaca de Ju\u00e1rez.Tras su designaci\u00f3n como titular de Transparencia para el Pueblo, \u00f3rgano federal desconcentrado de la Secretar\u00eda Anticorrupci\u00f3n y Buen Gobierno de M\u00e9xico, el OGAIPO expres\u00f3 p\u00fablicamente sus felicitaciones a trav\u00e9s de redes sociales, reconociendo su trayectoria y compromiso con la transparencia y la participaci\u00f3n ciudadana.<\/p>\n\n\n\n<p>(Informaci\u00f3n del sitio \u201cSerindipia\u201d)<\/p>\n\n\n\n<figure class=\"wp-block-embed is-type-wp-embed is-provider-serendipia wp-block-embed-serendipia\"><div class=\"wp-block-embed__wrapper\">\n<blockquote class=\"wp-embedded-content\" data-secret=\"QpIAz1BkkO\"><a href=\"https:\/\/serendipia.digital\/datos-y-mas\/titular-de-transparencia-para-el-pueblo\/\">\u00bfQui\u00e9n es la titular de Transparencia para el Pueblo?<\/a><\/blockquote><iframe class=\"wp-embedded-content\" sandbox=\"allow-scripts\" security=\"restricted\" style=\"position: absolute; clip: rect(1px, 1px, 1px, 1px);\" title=\"&#8220;\u00bfQui\u00e9n es la titular de Transparencia para el Pueblo?&#8221; &#8212; Serendipia\" src=\"https:\/\/serendipia.digital\/datos-y-mas\/titular-de-transparencia-para-el-pueblo\/embed\/#?secret=0TTbcPGNJ7#?secret=QpIAz1BkkO\" data-secret=\"QpIAz1BkkO\" width=\"600\" height=\"338\" frameborder=\"0\" marginwidth=\"0\" marginheight=\"0\" scrolling=\"no\"><\/iframe>\n<\/div><\/figure>\n","protected":false},"excerpt":{"rendered":"<p>Redacci\u00f3n\/Zona Roja Cdmx. Ciudad de M\u00e9xico, a 13 de mayo de 2025.- La titular de&hellip;<\/p>\n","protected":false},"author":2,"featured_media":80283,"comment_status":"closed","ping_status":"open","sticky":false,"template":"","format":"standard","meta":{"_lmt_disableupdate":"","_lmt_disable":"","_jetpack_memberships_contains_paid_content":false,"footnotes":""},"categories":[456,46],"tags":[4305],"class_list":["post-80281","post","type-post","status-publish","format-standard","has-post-thumbnail","hentry","category-columna","category-zona-blanca","tag-maria-tanivet-ramos-reyes"],"jetpack_featured_media_url":"https:\/\/zonaroja.com.mx\/wp-content\/uploads\/2025\/05\/Maria-Tanivet-Ramos-Reyes.jpg","jetpack_sharing_enabled":true,"_links":{"self":[{"href":"https:\/\/zonaroja.com.mx\/index.php?rest_route=\/wp\/v2\/posts\/80281","targetHints":{"allow":["GET"]}}],"collection":[{"href":"https:\/\/zonaroja.com.mx\/index.php?rest_route=\/wp\/v2\/posts"}],"about":[{"href":"https:\/\/zonaroja.com.mx\/index.php?rest_route=\/wp\/v2\/types\/post"}],"author":[{"embeddable":true,"href":"https:\/\/zonaroja.com.mx\/index.php?rest_route=\/wp\/v2\/users\/2"}],"replies":[{"embeddable":true,"href":"https:\/\/zonaroja.com.mx\/index.php?rest_route=%2Fwp%2Fv2%2Fcomments&post=80281"}],"version-history":[{"count":1,"href":"https:\/\/zonaroja.com.mx\/index.php?rest_route=\/wp\/v2\/posts\/80281\/revisions"}],"predecessor-version":[{"id":80282,"href":"https:\/\/zonaroja.com.mx\/index.php?rest_route=\/wp\/v2\/posts\/80281\/revisions\/80282"}],"wp:featuredmedia":[{"embeddable":true,"href":"https:\/\/zonaroja.com.mx\/index.php?rest_route=\/wp\/v2\/media\/80283"}],"wp:attachment":[{"href":"https:\/\/zonaroja.com.mx\/index.php?rest_route=%2Fwp%2Fv2%2Fmedia&parent=80281"}],"wp:term":[{"taxonomy":"category","embeddable":true,"href":"https:\/\/zonaroja.com.mx\/index.php?rest_route=%2Fwp%2Fv2%2Fcategories&post=80281"},{"taxonomy":"post_tag","embeddable":true,"href":"https:\/\/zonaroja.com.mx\/index.php?rest_route=%2Fwp%2Fv2%2Ftags&post=80281"}],"curies":[{"name":"wp","href":"https:\/\/api.w.org\/{rel}","templated":true}]}}