{"id":80284,"date":"2025-05-13T11:25:00","date_gmt":"2025-05-13T17:25:00","guid":{"rendered":"https:\/\/zonaroja.com.mx\/?p=80284"},"modified":"2025-05-13T08:34:07","modified_gmt":"2025-05-13T14:34:07","slug":"cesan-por-acosador-a-un-catedratico-de-la-uabjo","status":"publish","type":"post","link":"https:\/\/zonaroja.com.mx\/?p=80284","title":{"rendered":"Cesan por acosador a un catedr\u00e1tico de la UABJO"},"content":{"rendered":"\n<p>Raymundo Morales\/Zona Roja.<\/p>\n\n\n\n<p>Oaxaca de Ju\u00e1rez, Oax., a 13 de mayo de 2025.- Carlos Alberto \u201cN\u201d, catedr\u00e1tico de la Universidad Aut\u00f3noma \u201cBenito Ju\u00e1rez\u201d de Oaxaca (UABJO) fue cesado luego de varias denuncias de acoso sexual.<\/p>\n\n\n\n<p>La acci\u00f3n fue reconocida por acad\u00e9micas, feministas, defensoras de derechos humanos y&nbsp; activistas e integrantes de la sociedad civil en general, quienes respaldaron \u201cla hist\u00f3rica y contundente\u201d resoluci\u00f3n emitida por el Abogado General de la UABJO,&nbsp;en la que se rescinde el contrato laboral al citado docente, por actos de hostigamiento sexual, acoso laboral, y\/o acoso sexual, violencia de g\u00e9nero en contra estudiantes, maestras, maestros y trabajadoras de esta instituci\u00f3n.<\/p>\n\n\n\n<p>En un comunicado, confiaron en que esta acci\u00f3n marcar\u00e1 un buen precedente a nivel nacional e internacional de su apuesta por la cero tolerancia a la violencia contra las mujeres y diversidades sexuales.<\/p>\n\n\n\n<p>\u201cCon esta acci\u00f3n se hace realidad el derecho a la verdad&nbsp; y la justicia de las mujeres, maestras, estudiantes y trabajadoras administrativas, diversidades sexuales que, con determinaci\u00f3n y coraje denunciaron actos que por a\u00f1os fueron silenciados\u201d, destacaron.<\/p>\n\n\n\n<p>A\u00f1adieron que esta resoluci\u00f3n abre la esperanza en la enorme lucha contra la impunidad que hist\u00f3ricamente ha prevalecido en diversos espacios acad\u00e9micos, dejando en la revictimizaci\u00f3n o en el olvido las denuncias hechas en el pasado.<\/p>\n\n\n\n<p>\u201cNo resulta menor, sobre todo, ante la exacerbada crisis de derechos humanos en Oaxaca,&nbsp; en la que sobresale el incremento de agresiones y violencias hacia las mujeres y las ni\u00f1as, y que se traduce en los 241 feminicidios&nbsp; cometidos hasta hoy y las 915 mujeres desaparecidas, que la Plataforma de Violencia Feminicida de Consorcio Oaxaca ha registrado en el sexenio de Salom\u00f3n Jara Cruz\u201d.<\/p>\n\n\n\n<p>Destacaron asimismo, el hist\u00f3rico y comprometido trabajo durante d\u00e9cadas de la doctora Mar\u00eda Leticia Brise\u00f1o Maas, directora del Instituto de Ciencias de la Educaci\u00f3n de la UABJO, \u201cen su acci\u00f3n como directora; desde que lleg\u00f3 ha mostrado una coherencia y acci\u00f3n a favor de los derechos humanos, derechos de las mujeres as\u00ed como una&nbsp; gran aliada en la agenda feminista y de los movimientos sociales\u201d.<\/p>\n","protected":false},"excerpt":{"rendered":"<p>Raymundo Morales\/Zona Roja. Oaxaca de Ju\u00e1rez, Oax., a 13 de mayo de 2025.- Carlos Alberto&hellip;<\/p>\n","protected":false},"author":2,"featured_media":80287,"comment_status":"closed","ping_status":"open","sticky":false,"template":"","format":"standard","meta":{"_lmt_disableupdate":"","_lmt_disable":"","_jetpack_memberships_contains_paid_content":false,"footnotes":""},"categories":[109,46],"tags":[1537],"class_list":["post-80284","post","type-post","status-publish","format-standard","has-post-thumbnail","hentry","category-minuto-a-minuto","category-zona-blanca","tag-acoso-sexual-en-la-uabjo"],"jetpack_featured_media_url":"https:\/\/zonaroja.com.mx\/wp-content\/uploads\/2025\/05\/uabjo-rectoria-universidad.jpg","jetpack_sharing_enabled":true,"_links":{"self":[{"href":"https:\/\/zonaroja.com.mx\/index.php?rest_route=\/wp\/v2\/posts\/80284","targetHints":{"allow":["GET"]}}],"collection":[{"href":"https:\/\/zonaroja.com.mx\/index.php?rest_route=\/wp\/v2\/posts"}],"about":[{"href":"https:\/\/zonaroja.com.mx\/index.php?rest_route=\/wp\/v2\/types\/post"}],"author":[{"embeddable":true,"href":"https:\/\/zonaroja.com.mx\/index.php?rest_route=\/wp\/v2\/users\/2"}],"replies":[{"embeddable":true,"href":"https:\/\/zonaroja.com.mx\/index.php?rest_route=%2Fwp%2Fv2%2Fcomments&post=80284"}],"version-history":[{"count":1,"href":"https:\/\/zonaroja.com.mx\/index.php?rest_route=\/wp\/v2\/posts\/80284\/revisions"}],"predecessor-version":[{"id":80285,"href":"https:\/\/zonaroja.com.mx\/index.php?rest_route=\/wp\/v2\/posts\/80284\/revisions\/80285"}],"wp:featuredmedia":[{"embeddable":true,"href":"https:\/\/zonaroja.com.mx\/index.php?rest_route=\/wp\/v2\/media\/80287"}],"wp:attachment":[{"href":"https:\/\/zonaroja.com.mx\/index.php?rest_route=%2Fwp%2Fv2%2Fmedia&parent=80284"}],"wp:term":[{"taxonomy":"category","embeddable":true,"href":"https:\/\/zonaroja.com.mx\/index.php?rest_route=%2Fwp%2Fv2%2Fcategories&post=80284"},{"taxonomy":"post_tag","embeddable":true,"href":"https:\/\/zonaroja.com.mx\/index.php?rest_route=%2Fwp%2Fv2%2Ftags&post=80284"}],"curies":[{"name":"wp","href":"https:\/\/api.w.org\/{rel}","templated":true}]}}