{"id":80288,"date":"2025-05-13T10:36:00","date_gmt":"2025-05-13T16:36:00","guid":{"rendered":"https:\/\/zonaroja.com.mx\/?p=80288"},"modified":"2025-05-13T08:42:52","modified_gmt":"2025-05-13T14:42:52","slug":"en-balacera-en-boca-del-rio-veracruz-matan-a-dos-agentes-de-la-fgr","status":"publish","type":"post","link":"https:\/\/zonaroja.com.mx\/?p=80288","title":{"rendered":"En balacera en Boca del R\u00edo, Veracruz, matan a dos agentes de la FGR"},"content":{"rendered":"\n<p>Redacci\u00f3n\/Zona Roja Cdmx.<\/p>\n\n\n\n<p>Ciudad de M\u00e9xico, a 13 de mayo de 2025.- Una intensa balacera se registr\u00f3 la tarde de este lunes 12 de mayo en la zona conurbada Veracruz-Boca del R\u00edo, lo que provoc\u00f3 que se activara el \u201cc\u00f3digo rojo\u201d, movilizando a las fuerzas del orden.<\/p>\n\n\n\n<p>Fue cerca de las 2:30 de la tarde cuando presuntos delincuentes intercambiaron disparos con integrantes de las corporaciones de seguridad en la esquina de V\u00eda Muerta y Nueva Espa\u00f1a.<\/p>\n\n\n\n<p>Las detonaciones generaron temor entre la poblaci\u00f3n, que se refugi\u00f3 en sus domicilios y cerraron los negocios, adem\u00e1s de reportar la emergencia al 911 para solicitar la presencia de la Polic\u00eda Estatal.<\/p>\n\n\n\n<p>De forma extraoficial se report\u00f3 la muerte de dos elementos de la Fiscal\u00eda General de la Rep\u00fablica y de un civil armado durante el enfrentamiento, sin embargo no ha sido confirmado por las autoridades.<\/p>\n\n\n\n<p>Al lugar arribaron elementos de la Cruz Roja y de bomberos municipales, quienes brindaron los primeros auxilios a al menos una persona lesionada en el enfrentamiento.<\/p>\n\n\n\n<p>Asimismo, personal de la Fiscal\u00eda General del Estado se present\u00f3 en el sitio para realizar el levantamiento de los cuerpos y recolectar los indicios necesarios para iniciar una carpeta de investigaci\u00f3n.<\/p>\n\n\n\n<p>En la zona conurbada personal de la Sedena, Marina, Guardia Nacional y de la Polic\u00eda Estatal implementaron operativos, sin que al momento se reporten personas detenidas. Posteriormente personal de seguridad de los tres \u00f3rdenes de gobierno llevaron a cabo un operativo en un inmueble de la zona, donde se acordon\u00f3 para quedar asegurado.<\/p>\n\n\n\n<p>(Informaci\u00f3n de \u201cLa Jornada\u201d)<\/p>\n","protected":false},"excerpt":{"rendered":"<p>Redacci\u00f3n\/Zona Roja Cdmx. Ciudad de M\u00e9xico, a 13 de mayo de 2025.- Una intensa balacera&hellip;<\/p>\n","protected":false},"author":2,"featured_media":80292,"comment_status":"closed","ping_status":"open","sticky":false,"template":"","format":"standard","meta":{"_lmt_disableupdate":"","_lmt_disable":"","_jetpack_memberships_contains_paid_content":false,"footnotes":""},"categories":[109,47],"tags":[],"class_list":["post-80288","post","type-post","status-publish","format-standard","has-post-thumbnail","hentry","category-minuto-a-minuto","category-zona-gris"],"jetpack_featured_media_url":"https:\/\/zonaroja.com.mx\/wp-content\/uploads\/2025\/05\/balacera-boca-del-rio-veracruz.webp","jetpack_sharing_enabled":true,"_links":{"self":[{"href":"https:\/\/zonaroja.com.mx\/index.php?rest_route=\/wp\/v2\/posts\/80288","targetHints":{"allow":["GET"]}}],"collection":[{"href":"https:\/\/zonaroja.com.mx\/index.php?rest_route=\/wp\/v2\/posts"}],"about":[{"href":"https:\/\/zonaroja.com.mx\/index.php?rest_route=\/wp\/v2\/types\/post"}],"author":[{"embeddable":true,"href":"https:\/\/zonaroja.com.mx\/index.php?rest_route=\/wp\/v2\/users\/2"}],"replies":[{"embeddable":true,"href":"https:\/\/zonaroja.com.mx\/index.php?rest_route=%2Fwp%2Fv2%2Fcomments&post=80288"}],"version-history":[{"count":1,"href":"https:\/\/zonaroja.com.mx\/index.php?rest_route=\/wp\/v2\/posts\/80288\/revisions"}],"predecessor-version":[{"id":80289,"href":"https:\/\/zonaroja.com.mx\/index.php?rest_route=\/wp\/v2\/posts\/80288\/revisions\/80289"}],"wp:featuredmedia":[{"embeddable":true,"href":"https:\/\/zonaroja.com.mx\/index.php?rest_route=\/wp\/v2\/media\/80292"}],"wp:attachment":[{"href":"https:\/\/zonaroja.com.mx\/index.php?rest_route=%2Fwp%2Fv2%2Fmedia&parent=80288"}],"wp:term":[{"taxonomy":"category","embeddable":true,"href":"https:\/\/zonaroja.com.mx\/index.php?rest_route=%2Fwp%2Fv2%2Fcategories&post=80288"},{"taxonomy":"post_tag","embeddable":true,"href":"https:\/\/zonaroja.com.mx\/index.php?rest_route=%2Fwp%2Fv2%2Ftags&post=80288"}],"curies":[{"name":"wp","href":"https:\/\/api.w.org\/{rel}","templated":true}]}}