{"id":80290,"date":"2025-05-13T13:00:00","date_gmt":"2025-05-13T19:00:00","guid":{"rendered":"https:\/\/zonaroja.com.mx\/?p=80290"},"modified":"2025-05-13T08:41:32","modified_gmt":"2025-05-13T14:41:32","slug":"opinion-uabjo-la-disputa-por-la-rectoria-ii","status":"publish","type":"post","link":"https:\/\/zonaroja.com.mx\/?p=80290","title":{"rendered":"Opini\u00f3n. UABJO: la disputa por la rector\u00eda (II)"},"content":{"rendered":"\n<p>Isidoro Yescas*<\/p>\n\n\n\n<p>En &nbsp;mi&nbsp;primera entrega sobre la sucesi\u00f3n rectoral en la UABJO escrib\u00ed lo siguiente: &nbsp;\u201c\u2026.la definici\u00f3n de la candidatura a la rector\u00eda por parte del STAUO ya no estar\u00e1 en la cancha del rector Carre\u00f1o y su camarilla, a\u00fan en el caso de que ganara Ric\u00e1rdez, pues la derrota electoral en Medicina y la recomposici\u00f3n de alianzas pol\u00edticas dentro de la UABJO&nbsp;ya es un hecho y los resultados en la elecci\u00f3n del Comit\u00e9 Ejecutivo as\u00ed lo estar\u00edan reafirmando.&nbsp;(\u201cNoticias\u201d,&nbsp;mayo 5 del 2025).&nbsp;<\/p>\n\n\n\n<p>Una vez consumada la elecci\u00f3n del Comit\u00e9 Ejecutivo del STAUO, en donde se alz\u00f3 con el triunfo el candidato oficial&nbsp;Victor&nbsp;Ric\u00e1rdez&nbsp;Espinoza,&nbsp;queda pendiente la elecci\u00f3n del director o directora de la Facultad de Derecho para tener sobre la mesa todas las fichas internas del ajedrez universitario que habr\u00e1n de moverse desde ahora y&nbsp;hasta &nbsp;mayo&nbsp;del 2026, cuando se elija&nbsp;al nuevo rector o rectora.&nbsp;<\/p>\n\n\n\n<p>No obstante, y asumiendo que en la Facultad de Derecho ya la expresi\u00f3n dominante de la Familia Real tiene todo el control del Consejo T\u00e9cnico, de los grupos porriles, de la estructura sindical docente (SUMA) y&nbsp;el apoyo&nbsp;de un alto funcionario del gobierno primaveral para operar una elecci\u00f3n a modo,&nbsp;se puede adelantar que la rector\u00eda y la nueva dirigencia del STAUO tendr\u00e1n candidato o candidata&nbsp;a la&nbsp;direcci\u00f3n&nbsp;pero&nbsp;con un escenario mas cercano a la derrota que al triunfo.&nbsp;<\/p>\n\n\n\n<p>As\u00ed las cosas, por&nbsp;ahora &nbsp;la&nbsp;sucesi\u00f3n rectoral ya camina en dos pistas: dentro del STAUO y dentro del SUMA, las dos fuerzas sindicales que, recordemos, desde&nbsp;1988 se han alternado la titularidad de la rector\u00eda. Sin embargo, no ser\u00e1 la primera ocasi\u00f3n que dentro de estos dos sindicatos de trabajadores acad\u00e9micos surjan&nbsp;diferencias y divisiones para ganarse el derecho a la candidatura.&nbsp;<\/p>\n\n\n\n<p>En el caso del STAUO est\u00e1 descartado desde ahora un candidato \u00fanico,&nbsp;y mucho menos la imposici\u00f3n de un \u201cdelf\u00edn\u201d&nbsp;de&nbsp;Cristian Carre\u00f1o,&nbsp;no solamente por la divisi\u00f3n que desde la rector\u00eda &nbsp;se&nbsp;ha alentado&nbsp;para asegurar el continuismo pol\u00edtico y las complicidades patr\u00f3n- dirigencia sindical,&nbsp;sino porque despu\u00e9s de la ruptura en la c\u00fapula pol\u00edtica del STAUO &nbsp;vino otra de mayor impacto derivado de las campa\u00f1as por la Secretar\u00eda General.&nbsp;<\/p>\n\n\n\n<p>Se gan\u00f3 a la mala (alteraci\u00f3n del padr\u00f3n electoral con aviadores, ofrecimientos de recategorizaciones y tiempos completos,&nbsp;etc) pero se perdi\u00f3 esa legitimidad tan necesaria para garantizar la cicatrizaci\u00f3n de heridas y la unidad gremial. Est\u00e1 ahora ya m\u00e1s que dibujada una corriente cr\u00edtica y contestaria dentro del STAUO que puede ser el punto de partida&nbsp;para &nbsp;la&nbsp;formaci\u00f3n &nbsp;y&nbsp;crecimiento &nbsp;de un movimiento sin siglas sindicales&nbsp;en la UABJO que, sin duda, estar\u00eda jugando sus propias cartas para el relevo rectoral.<\/p>\n\n\n\n<p>Con liderazgos&nbsp;bifurcados, de un lado Abraham Mart\u00ednez&nbsp;Alavez&nbsp;y del otro su yerno inc\u00f3modo, Carlos&nbsp;Perezcampos&nbsp;Mayoral, el SUMA no tiene ya gran presencia ni fuerza propia en la UABJO, sin embargo en&nbsp;el ala pol\u00edtica del&nbsp;gabinete&nbsp;jarista&nbsp;&nbsp;parece existir especial inter\u00e9s en impulsar la aspiraci\u00f3n de&nbsp;Perezcampos, exdirector de la facultad y hoy flamante Subsecretario de Desarrollo&nbsp;Democr\u00e1tico&nbsp;de la SEGO.<\/p>\n\n\n\n<p>Si gana fuerza la idea que ya permea en ciertos sectores de la&nbsp;UABJO,y&nbsp;del mismo gobierno primaveral, para &nbsp;reabrir las puertas de la rector\u00eda&nbsp;auna mujer ( la primera fue Leticia Mendoza Toro) &nbsp;el plan B que ya &nbsp;se tiene en la familia gobernante en la facultad de Derecho&nbsp;se llama Roc\u00edo Mart\u00ednez&nbsp;Helmes, directora de dicha facultad y &nbsp;esposa de Carlos&nbsp;Perezcampos.<\/p>\n\n\n\n<p>Estamos apenas ante un primer acomodo de piezas, que todav\u00eda pueden removerse tanto por la din\u00e1mica interna de las fuerzas pol\u00edtico-sindicales que&nbsp;ya&nbsp;tejen&nbsp;y destejen alianzas y pactos&nbsp;en el campus universitario, como por factores externos ( l\u00e9ase el rol que jugar\u00e1n los grupos pol\u00edticos del gobierno primaveral).<\/p>\n\n\n\n<p>En todo&nbsp;caso&nbsp;,y&nbsp;solamente como una se\u00f1al de las sorpresas que se pueden derivar de un relevo rectoral totalmente politizado y sin proyecto acad\u00e9mico,&nbsp;es la reciente detenci\u00f3n del rector de la&nbsp;Benem\u00e9rita&nbsp;Universidad Aut\u00f3noma de Zacatecas,&nbsp;Rub\u00e9n Ibarra Reyes.&nbsp;<\/p>\n\n\n\n<p>Es cierto que la denuncia penal que deriv\u00f3 en su detenci\u00f3n y encarcelamiento nada tiene que ver con sus funciones en la&nbsp;BUAZ, pero sospechosamente la detenci\u00f3n ocurri\u00f3 precisamente en el d\u00eda que se inici\u00f3 la jornada electoral para que por voto universal &nbsp;el pr\u00f3ximo 14 de mayo se &nbsp;decida quien ocupar\u00e1 la rector\u00eda de esa Universidad: o &nbsp;Angel&nbsp;Rom\u00e1n&nbsp;Guti\u00e9rrez, del&nbsp;grupo del rector Ibarra, o la opositora Jenny Gonz\u00e1lez Arenas, dirigente sindical con licencia del gremio acad\u00e9mico.&nbsp;<\/p>\n\n\n\n<p>*Maestro en Sociolog\u00eda y periodista.<\/p>\n\n\n\n<p>X:@YescasIsidoro<\/p>\n","protected":false},"excerpt":{"rendered":"<p>Isidoro Yescas* En &nbsp;mi&nbsp;primera entrega sobre la sucesi\u00f3n rectoral en la UABJO escrib\u00ed lo siguiente:&hellip;<\/p>\n","protected":false},"author":2,"featured_media":78328,"comment_status":"closed","ping_status":"open","sticky":false,"template":"","format":"standard","meta":{"_lmt_disableupdate":"","_lmt_disable":"","_jetpack_memberships_contains_paid_content":false,"footnotes":""},"categories":[456,109],"tags":[3998],"class_list":["post-80290","post","type-post","status-publish","format-standard","has-post-thumbnail","hentry","category-columna","category-minuto-a-minuto","tag-isidoro-yescas-martinez"],"jetpack_featured_media_url":"https:\/\/zonaroja.com.mx\/wp-content\/uploads\/2025\/03\/Isidoro-Yescas-Martinez.jpg","jetpack_sharing_enabled":true,"_links":{"self":[{"href":"https:\/\/zonaroja.com.mx\/index.php?rest_route=\/wp\/v2\/posts\/80290","targetHints":{"allow":["GET"]}}],"collection":[{"href":"https:\/\/zonaroja.com.mx\/index.php?rest_route=\/wp\/v2\/posts"}],"about":[{"href":"https:\/\/zonaroja.com.mx\/index.php?rest_route=\/wp\/v2\/types\/post"}],"author":[{"embeddable":true,"href":"https:\/\/zonaroja.com.mx\/index.php?rest_route=\/wp\/v2\/users\/2"}],"replies":[{"embeddable":true,"href":"https:\/\/zonaroja.com.mx\/index.php?rest_route=%2Fwp%2Fv2%2Fcomments&post=80290"}],"version-history":[{"count":1,"href":"https:\/\/zonaroja.com.mx\/index.php?rest_route=\/wp\/v2\/posts\/80290\/revisions"}],"predecessor-version":[{"id":80291,"href":"https:\/\/zonaroja.com.mx\/index.php?rest_route=\/wp\/v2\/posts\/80290\/revisions\/80291"}],"wp:featuredmedia":[{"embeddable":true,"href":"https:\/\/zonaroja.com.mx\/index.php?rest_route=\/wp\/v2\/media\/78328"}],"wp:attachment":[{"href":"https:\/\/zonaroja.com.mx\/index.php?rest_route=%2Fwp%2Fv2%2Fmedia&parent=80290"}],"wp:term":[{"taxonomy":"category","embeddable":true,"href":"https:\/\/zonaroja.com.mx\/index.php?rest_route=%2Fwp%2Fv2%2Fcategories&post=80290"},{"taxonomy":"post_tag","embeddable":true,"href":"https:\/\/zonaroja.com.mx\/index.php?rest_route=%2Fwp%2Fv2%2Ftags&post=80290"}],"curies":[{"name":"wp","href":"https:\/\/api.w.org\/{rel}","templated":true}]}}