{"id":80296,"date":"2025-05-13T18:41:18","date_gmt":"2025-05-14T00:41:18","guid":{"rendered":"https:\/\/zonaroja.com.mx\/?p=80296"},"modified":"2025-05-13T18:41:21","modified_gmt":"2025-05-14T00:41:21","slug":"muere-ex-presidente-uruguayo-campesino-y-ex-guerrillero-de-izquierda","status":"publish","type":"post","link":"https:\/\/zonaroja.com.mx\/?p=80296","title":{"rendered":"Muere ex presidente uruguayo, campesino y ex guerrillero de izquierda"},"content":{"rendered":"\n<p>Redacci\u00f3n\/Zona Roja Cdmx.<\/p>\n\n\n\n<p>Ciudad de M\u00e9xico, a 13 de mayo de 2025.- Este 13 de mayo, Jos\u00e9 Mujica, exguerrillero de izquierda que estuvo poco m\u00e1s de una d\u00e9cada en prisi\u00f3n antes de convertirse en el presidente de Uruguay, falleci\u00f3 a los 89 a\u00f1os.<\/p>\n\n\n\n<p>Fue el actual presidente de aquella naci\u00f3n, Yamandu Orsi, quien confirm\u00f3 el fallecimiento de Mujica a trav\u00e9s de redes sociales.<\/p>\n\n\n\n<p>\u201cCon profundo dolor comunicamos que falleci\u00f3 nuestro compa\u00f1ero Pepe Mujica. Presidente, militante, referente y conductor. Te vamos a extra\u00f1ar mucho Viejo querido\u201d, escribi\u00f3 el mandatario uruguayo.<\/p>\n\n\n\n<p>El expresidente uruguayo se someti\u00f3 a un tratamiento para combatir su padecimiento, sin embargo, despu\u00e9s de una larga medicaci\u00f3n, Mujica anunci\u00f3 que la suspend\u00eda tras la propagaci\u00f3n del c\u00e1ncer al h\u00edgado, seg\u00fan inform\u00f3 el semanario B\u00fasqueda el 9 de enero.<\/p>\n\n\n\n<p>Pepe Mujica coment\u00f3 que quer\u00eda pasar el tiempo que le quedara tranquilo y pidi\u00f3 que no lo acosaran con entrevistas.<\/p>\n\n\n\n<p>El expresidente uruguayo se caracteriz\u00f3 por su franqueza y estilo de vida austero.&nbsp;<\/p>\n\n\n\n<p>Durante su presidencia, de marzo de 2010 a marzo de 2015, Mujica conduc\u00eda a la oficina presidencial desde su casa de campo en las afuera de Montevideo en un modelo Volkswagen. Incluso, donaba la mayor parte de su salario a la caridad, lo que le vali\u00f3 el t\u00edtulo del presidente m\u00e1s pobre del mundo.<\/p>\n\n\n\n<p>En una de sus \u00faltimas entrevista, publicada en diciembre de 2024 por CNN, Pepe Mujica comparti\u00f3 su \u00faltima voluntad: pidi\u00f3 ser cremado y enterrado junto a su perra, Manuela.<\/p>\n\n\n\n<p>El exmandatario reflexion\u00f3 sobre que \u00e9l no cre\u00eda que hubiera un m\u00e1s all\u00e1, es decir, algo despu\u00e9s de la muerte, que el para\u00edso y el infierno se viv\u00eda en este \u201ccacho que estamos vivos\u201d. Aunque, sin tener certeza de su visi\u00f3n de la muerte, esperaba estar equivocado.<\/p>\n\n\n\n<p>\u201cEn lo personal pienso que la vida es la aventura de las mol\u00e9culas, que este cacho que estamos vivos en el planeta es el para\u00edso y el infierno, todo junto, ac\u00e1. (&#8230;) Mi futuro destino est\u00e1 abajo de secuoya donde est\u00e1 enterrada Manuela, cuando me muera me van a quemar y me van a enterrar ah\u00ed\u201d, dijo el expresidente uruguayo.<\/p>\n\n\n\n<p>Manuela fue el lomito que acompa\u00f1\u00f3 al expresidente Jos\u00e9 Mujica durante varios a\u00f1os, incluso se le ve\u00eda al mandatario cargarla cuando era mandatario de Uruguay.<\/p>\n\n\n\n<p>En redes sociales se crearon cuentas y canales dedicados al mandatario junto a Manuela.<\/p>\n\n\n\n<p>(Informaci\u00f3n de \u201cEl Financiero\u201d)<\/p>\n","protected":false},"excerpt":{"rendered":"<p>Redacci\u00f3n\/Zona Roja Cdmx. Ciudad de M\u00e9xico, a 13 de mayo de 2025.- Este 13 de&hellip;<\/p>\n","protected":false},"author":2,"featured_media":80297,"comment_status":"closed","ping_status":"open","sticky":false,"template":"","format":"standard","meta":{"_lmt_disableupdate":"","_lmt_disable":"","_jetpack_memberships_contains_paid_content":false,"footnotes":""},"categories":[109,48],"tags":[],"class_list":["post-80296","post","type-post","status-publish","format-standard","has-post-thumbnail","hentry","category-minuto-a-minuto","category-zona-critica"],"jetpack_featured_media_url":"https:\/\/zonaroja.com.mx\/wp-content\/uploads\/2025\/05\/Uruguy-Pepe-Mujica-Auto.jpg","jetpack_sharing_enabled":true,"_links":{"self":[{"href":"https:\/\/zonaroja.com.mx\/index.php?rest_route=\/wp\/v2\/posts\/80296","targetHints":{"allow":["GET"]}}],"collection":[{"href":"https:\/\/zonaroja.com.mx\/index.php?rest_route=\/wp\/v2\/posts"}],"about":[{"href":"https:\/\/zonaroja.com.mx\/index.php?rest_route=\/wp\/v2\/types\/post"}],"author":[{"embeddable":true,"href":"https:\/\/zonaroja.com.mx\/index.php?rest_route=\/wp\/v2\/users\/2"}],"replies":[{"embeddable":true,"href":"https:\/\/zonaroja.com.mx\/index.php?rest_route=%2Fwp%2Fv2%2Fcomments&post=80296"}],"version-history":[{"count":1,"href":"https:\/\/zonaroja.com.mx\/index.php?rest_route=\/wp\/v2\/posts\/80296\/revisions"}],"predecessor-version":[{"id":80298,"href":"https:\/\/zonaroja.com.mx\/index.php?rest_route=\/wp\/v2\/posts\/80296\/revisions\/80298"}],"wp:featuredmedia":[{"embeddable":true,"href":"https:\/\/zonaroja.com.mx\/index.php?rest_route=\/wp\/v2\/media\/80297"}],"wp:attachment":[{"href":"https:\/\/zonaroja.com.mx\/index.php?rest_route=%2Fwp%2Fv2%2Fmedia&parent=80296"}],"wp:term":[{"taxonomy":"category","embeddable":true,"href":"https:\/\/zonaroja.com.mx\/index.php?rest_route=%2Fwp%2Fv2%2Fcategories&post=80296"},{"taxonomy":"post_tag","embeddable":true,"href":"https:\/\/zonaroja.com.mx\/index.php?rest_route=%2Fwp%2Fv2%2Ftags&post=80296"}],"curies":[{"name":"wp","href":"https:\/\/api.w.org\/{rel}","templated":true}]}}