{"id":80299,"date":"2025-05-13T21:35:37","date_gmt":"2025-05-14T03:35:37","guid":{"rendered":"https:\/\/zonaroja.com.mx\/?p=80299"},"modified":"2025-05-13T21:35:40","modified_gmt":"2025-05-14T03:35:40","slug":"confirman-que-17-familiares-de-ovidio-guzman-se-entregaron-en-eu","status":"publish","type":"post","link":"https:\/\/zonaroja.com.mx\/?p=80299","title":{"rendered":"Confirman que 17 familiares de Ovidio Guzm\u00e1n se entregaron en EU"},"content":{"rendered":"\n<p>Redacci\u00f3n\/Zona Roja Cdmx.<\/p>\n\n\n\n<p>Ciudad de M\u00e9xico, a 13 de mayo de 2025.- Un grupo de familiares de Ovidio Guzm\u00e1n, hijo del cofundador del C\u00e1rtel de Sinaloa Joaqu\u00edn \u00abEl Chapo\u00bb Guzm\u00e1n, viaj\u00f3 a Estados Unidos como parte de \u00abuna negociaci\u00f3n\u00bb con el Departamento de Justicia\u00bb, dijo este martes el gobierno de M\u00e9xico.<\/p>\n\n\n\n<p>El secretario de Seguridad, Omar Garc\u00eda Harfuch, asegur\u00f3 que los 17 familiares \u00abno eran buscados por autoridades mexicanas\u00bb.<\/p>\n\n\n\n<p>Ovidio Guzm\u00e1n fue extraditado a Estados Unidos en septiembre de 2023 y desde octubre de 2024 negocia con la fiscal\u00eda un acuerdo para declararse culpable y evitar un juicio.<\/p>\n\n\n\n<p>Guzm\u00e1n fue detenido el 17 de octubre de 2019 en Culiac\u00e1n, pero fue liberado por orden del expresidente Andr\u00e9s Manuel L\u00f3pez Obrador&nbsp;por la violencia que desat\u00f3 el C\u00e1rtel de Sinaloa como represalia.<\/p>\n\n\n\n<p>El Departamento de Justicia de Estados Unidos declin\u00f3 responder a las preguntas de la AFP sobre el ingreso de este grupo de familiares de uno de los \u201cChapitos\u201d, como se conocen a los hijos del Joaqu\u00edn Guzm\u00e1n.<\/p>\n\n\n\n<p>Durante una entrevista con la cadena RadioF\u00f3rmula, Garc\u00eda Harfuch asegur\u00f3 que el Departamento de Justicia \u00abtiene que compartir informaci\u00f3n\u00bb con las autoridades mexicanas.<\/p>\n\n\n\n<p>Estados Unidos acusa a los cuatro hijos del \u00abChapo\u00bb de ponerse al mando del C\u00e1rtel de Sinaloa despu\u00e9s de la detenci\u00f3n de su padre, condenado en 2019 a cadena perpetua en Estados Unidos.<\/p>\n\n\n\n<p>Hasta el momento, Ovidio y Joaqu\u00edn son los \u00fanicos del clan de los \u201cChapitos\u201d detenidos en Estados Unidos, que tambi\u00e9n busca a sus hermanos Iv\u00e1n Archivaldo y Jes\u00fas Alfredo.<\/p>\n\n\n\n<p>(Informaci\u00f3n de la agencia AFP en \u201cEl Economista\u201d)<\/p>\n","protected":false},"excerpt":{"rendered":"<p>Redacci\u00f3n\/Zona Roja Cdmx. Ciudad de M\u00e9xico, a 13 de mayo de 2025.- Un grupo de&hellip;<\/p>\n","protected":false},"author":2,"featured_media":80300,"comment_status":"closed","ping_status":"open","sticky":false,"template":"","format":"standard","meta":{"_lmt_disableupdate":"","_lmt_disable":"","_jetpack_memberships_contains_paid_content":false,"footnotes":""},"categories":[109,47],"tags":[],"class_list":["post-80299","post","type-post","status-publish","format-standard","has-post-thumbnail","hentry","category-minuto-a-minuto","category-zona-gris"],"jetpack_featured_media_url":"https:\/\/zonaroja.com.mx\/wp-content\/uploads\/2025\/05\/Familiares-del-Chapo-a-Estados-Unidos.webp","jetpack_sharing_enabled":true,"_links":{"self":[{"href":"https:\/\/zonaroja.com.mx\/index.php?rest_route=\/wp\/v2\/posts\/80299","targetHints":{"allow":["GET"]}}],"collection":[{"href":"https:\/\/zonaroja.com.mx\/index.php?rest_route=\/wp\/v2\/posts"}],"about":[{"href":"https:\/\/zonaroja.com.mx\/index.php?rest_route=\/wp\/v2\/types\/post"}],"author":[{"embeddable":true,"href":"https:\/\/zonaroja.com.mx\/index.php?rest_route=\/wp\/v2\/users\/2"}],"replies":[{"embeddable":true,"href":"https:\/\/zonaroja.com.mx\/index.php?rest_route=%2Fwp%2Fv2%2Fcomments&post=80299"}],"version-history":[{"count":1,"href":"https:\/\/zonaroja.com.mx\/index.php?rest_route=\/wp\/v2\/posts\/80299\/revisions"}],"predecessor-version":[{"id":80301,"href":"https:\/\/zonaroja.com.mx\/index.php?rest_route=\/wp\/v2\/posts\/80299\/revisions\/80301"}],"wp:featuredmedia":[{"embeddable":true,"href":"https:\/\/zonaroja.com.mx\/index.php?rest_route=\/wp\/v2\/media\/80300"}],"wp:attachment":[{"href":"https:\/\/zonaroja.com.mx\/index.php?rest_route=%2Fwp%2Fv2%2Fmedia&parent=80299"}],"wp:term":[{"taxonomy":"category","embeddable":true,"href":"https:\/\/zonaroja.com.mx\/index.php?rest_route=%2Fwp%2Fv2%2Fcategories&post=80299"},{"taxonomy":"post_tag","embeddable":true,"href":"https:\/\/zonaroja.com.mx\/index.php?rest_route=%2Fwp%2Fv2%2Ftags&post=80299"}],"curies":[{"name":"wp","href":"https:\/\/api.w.org\/{rel}","templated":true}]}}