{"id":80302,"date":"2025-05-13T22:15:04","date_gmt":"2025-05-14T04:15:04","guid":{"rendered":"https:\/\/zonaroja.com.mx\/?p=80302"},"modified":"2025-05-13T22:15:06","modified_gmt":"2025-05-14T04:15:06","slug":"detiene-fiscalia-a-otra-persona-por-abigeato-y-danos-contra-familia-cristiana","status":"publish","type":"post","link":"https:\/\/zonaroja.com.mx\/?p=80302","title":{"rendered":"Detiene Fiscal\u00eda a otra persona por abigeato y da\u00f1os contra familia cristiana"},"content":{"rendered":"\n<p>Redacci\u00f3n\/Zona Roja.&nbsp;<\/p>\n\n\n\n<p>Oaxaca de Ju\u00e1rez, Oax., a 13 de mayo de 2025.- La Fiscal\u00eda General del Estado de Oaxaca (FGEO) dio cumplimiento a una orden de aprehensi\u00f3n en contra de una persona del sexo masculino identificada como J.P.C., por los delitos de discriminaci\u00f3n, abigeato y da\u00f1os por incendio en agravio de una familia agrupada en la Iglesia Cristiana Interdenominacional Asociaci\u00f3n Religiosa (ICIAR) de la regi\u00f3n de la Cuenca.<\/p>\n\n\n\n<p>La detenci\u00f3n fue realizada por elementos de la Agencia Estatal de Investigaciones (AEI) adscritos a la Vicefiscal\u00eda Regional de la Cuenca, cuando J.P.C. se encontraba sobre la carretera San Lorenzo jurisdicci\u00f3n del municipio de San Juan Lalana Cho\u00e1pam.<\/p>\n\n\n\n<p>Dicho mandato judicial deriva de hechos ocurridos el 21 de noviembre de 2023, en la agencia municipal de San Isidro Arenal, perteneciente a San Juan Lalana Cho\u00e1pam, cuando integrantes de una familia, entre los que se encontraban menores de edad, fueron discriminados, despojados de sus predios y de sus animales (cabezas de ganado), adem\u00e1s que fueron v\u00edctimas de la quema de sus propiedades, hechos violentos que presumiblemente derivan por profesar la religi\u00f3n cristiana evang\u00e9lica.<\/p>\n\n\n\n<p>Cuando la FGEO tom\u00f3 conocimiento del caso, inici\u00f3 las investigaciones a trav\u00e9s de la Vicefiscal\u00eda Regional de la Cuenca encontrando diversas pruebas que permitieron deslindar responsabilidades y con ello, la liberaci\u00f3n de las respectivas \u00f3rdenes de aprehensi\u00f3n, una de ellas la de J.P.C., que al ser detenido fue puesto a disposici\u00f3n de la autoridad que lo requiri\u00f3 para su debido proceso legal.<\/p>\n\n\n\n<p>Los trabajos ministeriales que realiza la Fiscal\u00eda de Oaxaca se traducen en acciones asertivas para que las v\u00edctimas tengan pleno acceso a la justicia y la reparaci\u00f3n del da\u00f1o.<\/p>\n\n\n\n<p>OTRO DETENIDO EN EL ISTMO<\/p>\n\n\n\n<p>Por otra parte, la Fiscal\u00eda General ejecut\u00f3 una orden de cateo en la regi\u00f3n del Istmo de Tehuantepec, derivado de la cual se logr\u00f3 la detenci\u00f3n de una persona del sexo masculino identificado como J.M.E.M., por el delito contra la salud en agravio de la sociedad.<\/p>\n\n\n\n<p>Este operativo estrat\u00e9gico fue encabezado por la FGEO, a trav\u00e9s de la Vicefiscal\u00eda Regional de Istmo, en coordinaci\u00f3n con elementos de la Agencia Estatal de Investigaciones (AEI), as\u00ed como de la Secretar\u00eda de la Defensa Nacional (DEFENSA), Guardia Nacional (GN) y Polic\u00eda Estatal de Oaxaca, el cual se realiz\u00f3 en un domicilio ubicado en la colonia G\u00fcihub\u00e1 del Barrio de la Soledad.<\/p>\n\n\n\n<p>Como resultado del operativo policial, se logr\u00f3 el aseguramiento de diversas dosis de drogas con caracter\u00edsticas similares a la marihuana y cristal, adem\u00e1s de pipas de cristal, armas de fuego, cartuchos \u00fatiles de diversos calibres, b\u00e1sculas grameras y cargadores, as\u00ed como la detenci\u00f3n de una persona del sexo masculino identificada como J.M.E.M., quien fue puesto inmediatamente a disposici\u00f3n de la autoridad correspondiente que lo requiri\u00f3.<\/p>\n\n\n\n<p>En el desahogo de la audiencia inicial, el Juez de Control decret\u00f3 como legal la detenci\u00f3n de J.M.E.M., adem\u00e1s que se comunic\u00f3 la imputaci\u00f3n y se le impuso la medida cautelar de prisi\u00f3n preventiva de manera provisional a espera de la resoluci\u00f3n luego de solicitar auto de vinculaci\u00f3n a proceso en contra del imputado.<\/p>\n","protected":false},"excerpt":{"rendered":"<p>Redacci\u00f3n\/Zona Roja.&nbsp; Oaxaca de Ju\u00e1rez, Oax., a 13 de mayo de 2025.- La Fiscal\u00eda General&hellip;<\/p>\n","protected":false},"author":2,"featured_media":80303,"comment_status":"closed","ping_status":"open","sticky":false,"template":"","format":"standard","meta":{"_lmt_disableupdate":"","_lmt_disable":"","_jetpack_memberships_contains_paid_content":false,"footnotes":""},"categories":[109,46],"tags":[494],"class_list":["post-80302","post","type-post","status-publish","format-standard","has-post-thumbnail","hentry","category-minuto-a-minuto","category-zona-blanca","tag-fiscalia-general-del-estado-de-oaxaca"],"jetpack_featured_media_url":"https:\/\/zonaroja.com.mx\/wp-content\/uploads\/2025\/05\/detenido-Fiscalia-caso-iglesia-critiana-San-Juan-Lalana.jpg","jetpack_sharing_enabled":true,"_links":{"self":[{"href":"https:\/\/zonaroja.com.mx\/index.php?rest_route=\/wp\/v2\/posts\/80302","targetHints":{"allow":["GET"]}}],"collection":[{"href":"https:\/\/zonaroja.com.mx\/index.php?rest_route=\/wp\/v2\/posts"}],"about":[{"href":"https:\/\/zonaroja.com.mx\/index.php?rest_route=\/wp\/v2\/types\/post"}],"author":[{"embeddable":true,"href":"https:\/\/zonaroja.com.mx\/index.php?rest_route=\/wp\/v2\/users\/2"}],"replies":[{"embeddable":true,"href":"https:\/\/zonaroja.com.mx\/index.php?rest_route=%2Fwp%2Fv2%2Fcomments&post=80302"}],"version-history":[{"count":1,"href":"https:\/\/zonaroja.com.mx\/index.php?rest_route=\/wp\/v2\/posts\/80302\/revisions"}],"predecessor-version":[{"id":80304,"href":"https:\/\/zonaroja.com.mx\/index.php?rest_route=\/wp\/v2\/posts\/80302\/revisions\/80304"}],"wp:featuredmedia":[{"embeddable":true,"href":"https:\/\/zonaroja.com.mx\/index.php?rest_route=\/wp\/v2\/media\/80303"}],"wp:attachment":[{"href":"https:\/\/zonaroja.com.mx\/index.php?rest_route=%2Fwp%2Fv2%2Fmedia&parent=80302"}],"wp:term":[{"taxonomy":"category","embeddable":true,"href":"https:\/\/zonaroja.com.mx\/index.php?rest_route=%2Fwp%2Fv2%2Fcategories&post=80302"},{"taxonomy":"post_tag","embeddable":true,"href":"https:\/\/zonaroja.com.mx\/index.php?rest_route=%2Fwp%2Fv2%2Ftags&post=80302"}],"curies":[{"name":"wp","href":"https:\/\/api.w.org\/{rel}","templated":true}]}}