{"id":80309,"date":"2025-05-14T08:14:00","date_gmt":"2025-05-14T14:14:00","guid":{"rendered":"https:\/\/zonaroja.com.mx\/?p=80309"},"modified":"2025-05-14T07:15:10","modified_gmt":"2025-05-14T13:15:10","slug":"pide-la-seccion-22-comprension-por-paro-de-labores-educativas","status":"publish","type":"post","link":"https:\/\/zonaroja.com.mx\/?p=80309","title":{"rendered":"Pide la Secci\u00f3n 22 comprensi\u00f3n, por paro de labores educativas"},"content":{"rendered":"\n<p>Ismael Garc\u00eda M.\/Zona Roja.<\/p>\n\n\n\n<p>Oaxaca de Ju\u00e1rez, Oax., a 14 de mayo de 2025.- En la v\u00edspera de iniciar un paro de labores educativas por lapso indefinido, el Comit\u00e9 Ejecutivo Seccional del magisterio oaxaque\u00f1o pidi\u00f3 la comprensi\u00f3n de la poblaci\u00f3n y agradeci\u00f3 a la vez el respaldo de los padres de familia.<\/p>\n\n\n\n<p>\u201cEl magisterio democr\u00e1tico de la Secci\u00f3n 22 del SNTE-CNTE, se dirige a ustedes con el respeto que merecen para informarles el motivo de nuestra ausencia en las escuelas del estado de Oaxaca a partir del 15 de mayo de 2025.<\/p>\n\n\n\n<p>\u201cUna jornada de lucha para nosotros implica dejar las aulas, a nuestros estudiantes, las labores extraescolares de apoyo a las comunidades, nuestras familias y nuestro hogar.<\/p>\n\n\n\n<p>\u201cPero lo hacemos con la firme convicci\u00f3n de exigir al gobierno la soluci\u00f3n a la falta de maestros, maestras y personal de apoyo y asistencia a la educaci\u00f3n en las escuelas p\u00fablicas, la cual ha sido resultado de la Reforma Educativa Pe\u00f1a-AMLO\u201d, difundi\u00f3.&nbsp;<\/p>\n\n\n\n<p>En un comunicado, detall\u00f3 que exigen tambi\u00e9n mejores condiciones de infraestructura, de equipamiento tecnol\u00f3gico a todas las escuelas y la entrega de uniformes escolares a los estudiantes de educaci\u00f3n b\u00e1sica.<\/p>\n\n\n\n<p>Asimismo, luchan por una jubilaci\u00f3n digna para quienes dedican su vida a la educaci\u00f3n en el pa\u00eds, pues en el a\u00f1o 2007, Felipe Calder\u00f3n impuso una reforma a la Ley del ISSSTE que obliga a los trabajadores a laborar hasta los 65 a\u00f1os.<\/p>\n\n\n\n<p>A recibir una pensi\u00f3n que disminuye m\u00e1s del 40 por ciento de su salario y tener que ahorrar aproximadamente dos millones de pesos en cuentas individuales por medio de Afores, las cuales son entidades privadas que administran y se benefician de las aportaciones de los trabajadores, mientras se reducen las pensiones y jubilaciones no solo del magisterio, sino de m\u00e1s de tres millones de empleados al servicio del Estado.&nbsp;<\/p>\n\n\n\n<p>\u201cA pesar de que tanto la administraci\u00f3n anterior de Andr\u00e9s Manuel L\u00f3pez Obrador, como la actual de Claudia Sheinbaum Pardo, han reconocido que estas leyes son neoliberales, antilaborales y perjudiciales, y de que se han desarrollado mesas de dialogo por m\u00e1s de 6 a\u00f1os, hasta ahora no han dado una soluci\u00f3n a la gran problem\u00e1tica del sistema de jubilaciones\u201d, detall\u00f3.<\/p>\n\n\n\n<p>La gremial que preside Yenny Aracely P\u00e9rez como secretaria General, expuso que, ante ello, \u201cno nos queda otra alternativa que participar en el paro de labores para sumarnos a la huelga nacional.<\/p>\n\n\n\n<p>\u201cPor lo anterior, agradecemos de antemano el apoyo brindado a nuestra lucha a lo largo de 45 a\u00f1os, y reconocemos que ustedes son parte fundamental en el trabajo educativo que emprendemos d\u00eda a d\u00eda en todas las escuelas p\u00fablicas de nuestro estado. Hoy luchamos por las y los trabajadores del pa\u00eds y el futuro de nuestros estudiantes\u201d.<\/p>\n\n\n\n<p>En tanto, a trav\u00e9s de un video, la Secci\u00f3n 22 del SNTE agradeci\u00f3 tambi\u00e9n el respaldo de diversas organizaciones sociales \u201cque han expresado su firme respaldo rumbo a la huelga nacional convocada por la Coordinadora Nacional de Trabajadores de la Educaci\u00f3n (CNTE) para el pr\u00f3ximo 15 de mayo\u201d.<\/p>\n\n\n\n<p>Entre ellas, a la Alianza de Pueblos por la Justicia Social; el Frente de Organizaciones Oaxaque\u00f1as; Coordinadora contra la Represi\u00f3n y por la Justicia; Unidad Anticapitalista de los Pueblos Organizados de Oaxaca.<\/p>\n","protected":false},"excerpt":{"rendered":"<p>Ismael Garc\u00eda M.\/Zona Roja. Oaxaca de Ju\u00e1rez, Oax., a 14 de mayo de 2025.- En&hellip;<\/p>\n","protected":false},"author":2,"featured_media":77982,"comment_status":"closed","ping_status":"open","sticky":false,"template":"","format":"standard","meta":{"_lmt_disableupdate":"","_lmt_disable":"","_jetpack_memberships_contains_paid_content":false,"footnotes":""},"categories":[109,46],"tags":[312],"class_list":["post-80309","post","type-post","status-publish","format-standard","has-post-thumbnail","hentry","category-minuto-a-minuto","category-zona-blanca","tag-seccion-22-del-snte"],"jetpack_featured_media_url":"https:\/\/zonaroja.com.mx\/wp-content\/uploads\/2025\/02\/Dirigencia-comite-Seccion-22.jpg","jetpack_sharing_enabled":true,"_links":{"self":[{"href":"https:\/\/zonaroja.com.mx\/index.php?rest_route=\/wp\/v2\/posts\/80309","targetHints":{"allow":["GET"]}}],"collection":[{"href":"https:\/\/zonaroja.com.mx\/index.php?rest_route=\/wp\/v2\/posts"}],"about":[{"href":"https:\/\/zonaroja.com.mx\/index.php?rest_route=\/wp\/v2\/types\/post"}],"author":[{"embeddable":true,"href":"https:\/\/zonaroja.com.mx\/index.php?rest_route=\/wp\/v2\/users\/2"}],"replies":[{"embeddable":true,"href":"https:\/\/zonaroja.com.mx\/index.php?rest_route=%2Fwp%2Fv2%2Fcomments&post=80309"}],"version-history":[{"count":1,"href":"https:\/\/zonaroja.com.mx\/index.php?rest_route=\/wp\/v2\/posts\/80309\/revisions"}],"predecessor-version":[{"id":80310,"href":"https:\/\/zonaroja.com.mx\/index.php?rest_route=\/wp\/v2\/posts\/80309\/revisions\/80310"}],"wp:featuredmedia":[{"embeddable":true,"href":"https:\/\/zonaroja.com.mx\/index.php?rest_route=\/wp\/v2\/media\/77982"}],"wp:attachment":[{"href":"https:\/\/zonaroja.com.mx\/index.php?rest_route=%2Fwp%2Fv2%2Fmedia&parent=80309"}],"wp:term":[{"taxonomy":"category","embeddable":true,"href":"https:\/\/zonaroja.com.mx\/index.php?rest_route=%2Fwp%2Fv2%2Fcategories&post=80309"},{"taxonomy":"post_tag","embeddable":true,"href":"https:\/\/zonaroja.com.mx\/index.php?rest_route=%2Fwp%2Fv2%2Ftags&post=80309"}],"curies":[{"name":"wp","href":"https:\/\/api.w.org\/{rel}","templated":true}]}}