{"id":80311,"date":"2025-05-14T09:15:00","date_gmt":"2025-05-14T15:15:00","guid":{"rendered":"https:\/\/zonaroja.com.mx\/?p=80311"},"modified":"2025-05-14T07:58:47","modified_gmt":"2025-05-14T13:58:47","slug":"asesinan-a-otro-politico-en-veracruz-tras-mitin-de-morena","status":"publish","type":"post","link":"https:\/\/zonaroja.com.mx\/?p=80311","title":{"rendered":"Asesinan a otro pol\u00edtico en Veracruz, tras mitin de Morena"},"content":{"rendered":"\n<p>Redacci\u00f3n\/Zona Roja Cdmx.<\/p>\n\n\n\n<p>Ciudad de M\u00e9xico, a 14 de mayo de 2025.- Un exalcalde del estado de Veracruz fue asesinado la noche del lunes, un d\u00eda despu\u00e9s de que una candidata a una alcald\u00eda en esa misma regi\u00f3n muriera a balazos durante un evento proselitista, informaron autoridades este martes.<\/p>\n\n\n\n<p>Se trata de Esteban Alfonseca Salazar, exedil de la comunidad de Actopan, quien fue ultimado junto con Edmundo Mart\u00ednez, exregidor de ese mismo municipio, inform\u00f3 este martes la fiscal\u00eda estatal.<\/p>\n\n\n\n<p>Seg\u00fan versiones de la prensa, ambos fueron atacados por hombres armados cuando volv\u00edan de un m\u00edtin de Eduardo Utrera, candidato de Morena a la alcald\u00eda de Actopan.<\/p>\n\n\n\n<p>\u00abActopan pierde a un gran hombre de familia, de trabajo de campo y deja una hermosa familia\u00bb, dijo en Facebook Eduardo Vega, subsecretario de industria y comercio exterior de Veracruz, al lamentar la muerte de Alfonseca.<\/p>\n\n\n\n<p>El crimen ocurri\u00f3 apenas un d\u00eda despu\u00e9s de que Yesenia Lara, candidata de Morena a la alcald\u00eda de Texistepec, fuera asesinada cuando marchaba acompa\u00f1ada por una caravana de simpatizantes.<\/p>\n\n\n\n<p>El estado de Veracruz, cuya ubicaci\u00f3n estrat\u00e9gica sobre la costa del Golfo de M\u00e9xico lo hace un territorio disputado por violentos c\u00e1rteles del narcotr\u00e1fico, celebrar\u00e1 elecciones el pr\u00f3ximo 1 de junio para renovar autoridades en 212 municipios.<\/p>\n\n\n\n<p>La acci\u00f3n del crimen organizado suele afectar a la pol\u00edtica local pues las mafias buscan influir y controlar a las autoridades municipales, ya sea mediante corrupci\u00f3n o amenazas.<\/p>\n\n\n\n<p>M\u00e1s de 480,000 personas han sido asesinadas en M\u00e9xico desde diciembre de 2006, cuando se lanz\u00f3 una pol\u00e9mica estrategia antidrogas con apoyo de efectivos militares.<\/p>\n\n\n\n<p>(Informaci\u00f3n de la agencia AFP en \u201cEl Economista\u201d)<\/p>\n","protected":false},"excerpt":{"rendered":"<p>Redacci\u00f3n\/Zona Roja Cdmx. Ciudad de M\u00e9xico, a 14 de mayo de 2025.- Un exalcalde del&hellip;<\/p>\n","protected":false},"author":2,"featured_media":80312,"comment_status":"closed","ping_status":"open","sticky":false,"template":"","format":"standard","meta":{"_lmt_disableupdate":"","_lmt_disable":"","_jetpack_memberships_contains_paid_content":false,"footnotes":""},"categories":[109,47],"tags":[4306],"class_list":["post-80311","post","type-post","status-publish","format-standard","has-post-thumbnail","hentry","category-minuto-a-minuto","category-zona-gris","tag-actopan-veracruz"],"jetpack_featured_media_url":"https:\/\/zonaroja.com.mx\/wp-content\/uploads\/2025\/05\/Esteban-Fonseca-ex-edil-Actopan.jpg","jetpack_sharing_enabled":true,"_links":{"self":[{"href":"https:\/\/zonaroja.com.mx\/index.php?rest_route=\/wp\/v2\/posts\/80311","targetHints":{"allow":["GET"]}}],"collection":[{"href":"https:\/\/zonaroja.com.mx\/index.php?rest_route=\/wp\/v2\/posts"}],"about":[{"href":"https:\/\/zonaroja.com.mx\/index.php?rest_route=\/wp\/v2\/types\/post"}],"author":[{"embeddable":true,"href":"https:\/\/zonaroja.com.mx\/index.php?rest_route=\/wp\/v2\/users\/2"}],"replies":[{"embeddable":true,"href":"https:\/\/zonaroja.com.mx\/index.php?rest_route=%2Fwp%2Fv2%2Fcomments&post=80311"}],"version-history":[{"count":1,"href":"https:\/\/zonaroja.com.mx\/index.php?rest_route=\/wp\/v2\/posts\/80311\/revisions"}],"predecessor-version":[{"id":80313,"href":"https:\/\/zonaroja.com.mx\/index.php?rest_route=\/wp\/v2\/posts\/80311\/revisions\/80313"}],"wp:featuredmedia":[{"embeddable":true,"href":"https:\/\/zonaroja.com.mx\/index.php?rest_route=\/wp\/v2\/media\/80312"}],"wp:attachment":[{"href":"https:\/\/zonaroja.com.mx\/index.php?rest_route=%2Fwp%2Fv2%2Fmedia&parent=80311"}],"wp:term":[{"taxonomy":"category","embeddable":true,"href":"https:\/\/zonaroja.com.mx\/index.php?rest_route=%2Fwp%2Fv2%2Fcategories&post=80311"},{"taxonomy":"post_tag","embeddable":true,"href":"https:\/\/zonaroja.com.mx\/index.php?rest_route=%2Fwp%2Fv2%2Ftags&post=80311"}],"curies":[{"name":"wp","href":"https:\/\/api.w.org\/{rel}","templated":true}]}}