{"id":80317,"date":"2025-05-14T13:30:00","date_gmt":"2025-05-14T19:30:00","guid":{"rendered":"https:\/\/zonaroja.com.mx\/?p=80317"},"modified":"2025-05-14T15:29:12","modified_gmt":"2025-05-14T21:29:12","slug":"opinion-menos-festejos-mas-resultados","status":"publish","type":"post","link":"https:\/\/zonaroja.com.mx\/?p=80317","title":{"rendered":"Opini\u00f3n. Menos festejos, m\u00e1s resultados"},"content":{"rendered":"\n<p>N\u00e9stor Y. S\u00e1nchez Islas<\/p>\n\n\n\n<p>Para un r\u00e9gimen que se autodenomin\u00f3 como la primavera oaxaque\u00f1a y que con el nombre elegido se quiso proyectar como un renacimiento despu\u00e9s de un largo invierno solo podemos decir que qued\u00f3 en lo que un cronista deportivo nombr\u00f3 como un \u201ctirititito\u201d:&nbsp;un fraude.<\/p>\n\n\n\n<p>La elecci\u00f3n del nombre no creo que haya sido al azar. De forma oportunista se trata de hacer simbiosis con dos primaveras previas&nbsp;e&nbsp;hist\u00f3ricas. En 1968 fue la Primavera de Praga, con may\u00fasculas, un per\u00edodo de lucha y liberaci\u00f3n de los checoslovacos de la bota y tanques sovi\u00e9ticos. En 2010 fue la primavera \u00e1rabe que inici\u00f3 en T\u00fanez y se extendi\u00f3 por el medio oriente buscando esos pueblos liberarse de los d\u00e9spotas que los gobernaban con mano de hierro en algunas ocasiones por m\u00e1s de 30 a\u00f1os, como Hosni Mubarak, el dictador egipcio.<\/p>\n\n\n\n<p>No hay una primavera oaxaque\u00f1a, pero no quiere decir que no la habr\u00e1 el alg\u00fan momento.&nbsp;En 1968 los checos demandaban la abolici\u00f3n de la censura frente a un r\u00e9gimen autoritario que limitaba&nbsp;la&nbsp;libertad de expresi\u00f3n y reuni\u00f3n. Quer\u00edan que el r\u00e9gimen dejara de perseguir a sus cr\u00edticos, que no hubiera m\u00e1s purgas pol\u00edticas, libertad econ\u00f3mica y&nbsp;una vida democr\u00e1tica que se abriera a&nbsp;la&nbsp;pluralidad y la cr\u00edtica en&nbsp;contra&nbsp;de&nbsp;la hegemon\u00eda del partido \u00fanico&nbsp;que termin\u00f3 por convertirse&nbsp;en una dictadura burocr\u00e1tica.<\/p>\n\n\n\n<p>En 2010, en T\u00fanez, se inici\u00f3 otra primavera, la primavera \u00e1rabe.&nbsp;La inmolaci\u00f3n de un vendedor ambulante&nbsp;en protesta por la confiscaci\u00f3n de su mercanc\u00eda y la brutalidad de la polic\u00eda encendi\u00f3 la mecha de la protesta&nbsp;que derrib\u00f3&nbsp;al gobierno dictatorial con m\u00e1s de 20 a\u00f1os en el poder.&nbsp;La primavera \u00e1rabe&nbsp;fue&nbsp;una serie de protestas y levantamientos de liberaci\u00f3n&nbsp;que&nbsp;pronto se transformaron&nbsp;en rebeliones que buscaban poner fin a d\u00e9cadas de reg\u00edmenes&nbsp;autoritarios&nbsp;para exigir mayores libertades pol\u00edticas, combatir la corrupci\u00f3n y lograr justicia social y econ\u00f3mica.<\/p>\n\n\n\n<p>Hoy tenemos nuestra propia primavera,&nbsp;pero \u00e9sta nada tiene que ver con las verdaderas primaveras hist\u00f3ricas. Su antecedente \u00fanicamente se refiere a la asonada sindical de 2006 y al creerse, ellos mismos, luchadores sociales y libertadores. Nada m\u00e1s alejado de la realidad como lo demuestra la corrupci\u00f3n y el nepotismo&nbsp;del r\u00e9gimen local.<\/p>\n\n\n\n<p>No&nbsp;hay cambio social ni econ\u00f3mico, no hay progreso ni grandes obras de infraestructura del gobierno estatal&nbsp;y su visi\u00f3n de&nbsp;gesti\u00f3n&nbsp;hacia el futuro es la que nos regalan en los medios&nbsp;sus pluma a sueldo que nos pintan un para\u00edso terrenal que solo existen&nbsp;en sus sue\u00f1os h\u00famedos.&nbsp;La primavera oaxaque\u00f1a queda entonces reducida a una designaci\u00f3n pol\u00edtica&nbsp;y un lema de gobierno usurpado a movimientos hist\u00f3ricos con los que no tienen relaci\u00f3n&nbsp;ninguna&nbsp;por carecer de base social y espontaneidad.<\/p>\n\n\n\n<p>La primavera oaxaque\u00f1a bien podr\u00eda llamarse el&nbsp;\u201cOaxaca tropical y su costa azul\u201d. Abundan los bailes, chanclazos y tamborazos&nbsp;y escasean los resultados.&nbsp;Este gobierno sali\u00f3 bueno para organizar&nbsp;fiestas, contratar grupos musicales o cargar una guelaguetza itinerante&nbsp;para distraer la atenci\u00f3n sobre sus pobres resultados y la grave crisis de deuda en la que nos dej\u00f3 el presidente L\u00f3pez y que est\u00e1 agudizando la presidenta.<\/p>\n\n\n\n<p>El clamor general&nbsp;exige medicinas para hospitales y ni\u00f1os con c\u00e1ncer, pero la respuesta es un baile con el grupo tropical de los \u00c1ngeles Azules.&nbsp;La gente necesita&nbsp;seguridad,&nbsp;pero debe contentarse con una guelaguetza que recorre las regiones del estado. Queremos una econom\u00eda din\u00e1mica, pero el gobierno se gasta millones en festejos para sus bur\u00f3cratas que terminan en sonoros abucheos.<\/p>\n\n\n\n<p>Si por un lado pagamos altos costos por impuestos y derechos en el orden municipal, estatal y federal nos&nbsp;devuelven&nbsp;un gasto insostenible y un despilfarro de recursos. Sus festejos continuos, no duraderos ni impulsan la capacidad&nbsp;productiva,&nbsp;pero incentivan la opacidad&nbsp;y la corrupci\u00f3n como se exhibe cotidianamente a trav\u00e9s de las redes sociales a las que no pueden callar.<\/p>\n\n\n\n<p>La organizaci\u00f3n de bailes populares es buena para crear una base electoral, que es&nbsp;lo \u00fanico que les importa. La creaci\u00f3n de una base social&nbsp;acostumbrada a la recepci\u00f3n de d\u00e1divas, es decir pensiones y becas a lo loco, llevar\u00e1n al pa\u00eds a la ruina porque no est\u00e1n creando las condiciones para el crecimiento econ\u00f3mica y la generaci\u00f3n de riqueza que mantenga ese ritmo de gasto.&nbsp;Hoy es un hecho que el gobierno se endeuda cada vez m\u00e1s para pagar sus pensiones y nos fiscaliza para exprimirnos v\u00eda impuestos como&nbsp;nunca.<\/p>\n\n\n\n<p>\u00bfQu\u00e9 hay de la lucha contra la pobreza y la desigualdad? Solo distractores y becas que poco ayudan al verdadero cambio social&nbsp;\u00bfQu\u00e9 hay de mejorar la educaci\u00f3n y la seguridad? Solo&nbsp;complicidad con las mafias tanto sindicales de la secci\u00f3n 22 como del crimen organizado que ya tenemos encima.&nbsp;Este gobierno solo busca popularidad, pero&nbsp;se olvida de los resultados.<\/p>\n\n\n\n<p>LE\u00d3N XIV.<\/p>\n\n\n\n<p>La raz\u00f3n, la&nbsp;fe&nbsp;y la sensibilidad social.<\/p>\n\n\n\n<p>nestoryuri@yahoo.com<\/p>\n","protected":false},"excerpt":{"rendered":"<p>N\u00e9stor Y. S\u00e1nchez Islas Para un r\u00e9gimen que se autodenomin\u00f3 como la primavera oaxaque\u00f1a y&hellip;<\/p>\n","protected":false},"author":2,"featured_media":67897,"comment_status":"closed","ping_status":"open","sticky":false,"template":"","format":"standard","meta":{"_lmt_disableupdate":"","_lmt_disable":"","_jetpack_memberships_contains_paid_content":false,"footnotes":""},"categories":[456,109],"tags":[3050],"class_list":["post-80317","post","type-post","status-publish","format-standard","has-post-thumbnail","hentry","category-columna","category-minuto-a-minuto","tag-nestor-yuri-sanchez"],"jetpack_featured_media_url":"https:\/\/zonaroja.com.mx\/wp-content\/uploads\/2024\/05\/Opinion-Nestor-Yuri-Sanchez.jpeg","jetpack_sharing_enabled":true,"_links":{"self":[{"href":"https:\/\/zonaroja.com.mx\/index.php?rest_route=\/wp\/v2\/posts\/80317","targetHints":{"allow":["GET"]}}],"collection":[{"href":"https:\/\/zonaroja.com.mx\/index.php?rest_route=\/wp\/v2\/posts"}],"about":[{"href":"https:\/\/zonaroja.com.mx\/index.php?rest_route=\/wp\/v2\/types\/post"}],"author":[{"embeddable":true,"href":"https:\/\/zonaroja.com.mx\/index.php?rest_route=\/wp\/v2\/users\/2"}],"replies":[{"embeddable":true,"href":"https:\/\/zonaroja.com.mx\/index.php?rest_route=%2Fwp%2Fv2%2Fcomments&post=80317"}],"version-history":[{"count":1,"href":"https:\/\/zonaroja.com.mx\/index.php?rest_route=\/wp\/v2\/posts\/80317\/revisions"}],"predecessor-version":[{"id":80318,"href":"https:\/\/zonaroja.com.mx\/index.php?rest_route=\/wp\/v2\/posts\/80317\/revisions\/80318"}],"wp:featuredmedia":[{"embeddable":true,"href":"https:\/\/zonaroja.com.mx\/index.php?rest_route=\/wp\/v2\/media\/67897"}],"wp:attachment":[{"href":"https:\/\/zonaroja.com.mx\/index.php?rest_route=%2Fwp%2Fv2%2Fmedia&parent=80317"}],"wp:term":[{"taxonomy":"category","embeddable":true,"href":"https:\/\/zonaroja.com.mx\/index.php?rest_route=%2Fwp%2Fv2%2Fcategories&post=80317"},{"taxonomy":"post_tag","embeddable":true,"href":"https:\/\/zonaroja.com.mx\/index.php?rest_route=%2Fwp%2Fv2%2Ftags&post=80317"}],"curies":[{"name":"wp","href":"https:\/\/api.w.org\/{rel}","templated":true}]}}