{"id":80327,"date":"2025-05-14T16:46:27","date_gmt":"2025-05-14T22:46:27","guid":{"rendered":"https:\/\/zonaroja.com.mx\/?p=80327"},"modified":"2025-05-14T16:46:29","modified_gmt":"2025-05-14T22:46:29","slug":"conforman-en-oaxaca-el-comite-de-la-ruta-magica-de-las-artesanias","status":"publish","type":"post","link":"https:\/\/zonaroja.com.mx\/?p=80327","title":{"rendered":"Conforman en Oaxaca el Comit\u00e9 de la Ruta M\u00e1gica de las Artesan\u00edas"},"content":{"rendered":"\n<p>Redacci\u00f3n\/Zona Roja.<\/p>\n\n\n\n<p>Oaxaca de Ju\u00e1rez, Oax., a 14 de mayo de 2025.- La secretaria de Turismo,&nbsp; Saymi Pineda Velasco, tom\u00f3 protesta a los nueve presidentes municipales integrantes del Comit\u00e9 de la Ruta M\u00e1gica de las Artesan\u00edas, organismo que trabajar\u00e1 de manera coordinada con la Sectur Oaxaca para impulsar la promoci\u00f3n tur\u00edstica y generar un mayor flujo de visitantes nacionales e internacionales a los municipios que la integran, con la finalidad de mejorar la derrama econ\u00f3mica.<\/p>\n\n\n\n<p>Pineda Velasco destac\u00f3 que de acuerdo con los datos de la Cuenta Sat\u00e9lite de la Cultura de M\u00e9xico (CSCM) del Instituto Nacional de Estad\u00edstica y Geograf\u00eda (INEGI) del 2023, Oaxaca se posicion\u00f3 como el principal productor de artesan\u00edas del pa\u00eds; este sector represent\u00f3 el 6.4 por ciento del Producto Interno Bruto (PIB) del estado.<\/p>\n\n\n\n<p>Asegur\u00f3 que se trabajar\u00e1 con las autoridades municipales para que esta ruta sea ejemplo del turismo como motor de desarrollo, de preservaci\u00f3n cultural y dignificaci\u00f3n del trabajo comunitario, \u201cdesde la Secretar\u00eda de Turismo continuaremos apoyando y creando nuevas iniciativas que involucren y beneficien a nuestras comunidades\u201d.<\/p>\n\n\n\n<p>Dijo que las expresiones artesanales destacan no s\u00f3lo por su gran colorido, calidad y belleza, sino por la amplia variedad de materiales con los cuales se elaboran: madera, metal, piedra, palma, carrizo, cuero, hojalata, barro, textil, papel, entre otras, y por las diferentes t\u00e9cnicas ancestrales que ahora forman parte del imaginario colectivo de los pueblos de Oaxaca.<\/p>\n\n\n\n<p>Explic\u00f3 que la Ruta M\u00e1gica de las Artesan\u00edas est\u00e1 integrada por nueve localidades de la Regi\u00f3n de Valles Centrales: San Mart\u00edn Tilcajete, Santa Mar\u00eda Atzompa, Cuil\u00e1pam de Guerrero, San Antonino Castillo Velasco, Villa de Zaachila, San Bartolo Coyotepec, Santo Tom\u00e1s Jalieza, Ocotl\u00e1n de Morelos y San Antonio Arrazola, agencia del municipio de Santa Cruz Xoxocotl\u00e1n.<\/p>\n\n\n\n<p>Pineda Velasco inst\u00f3 a las y los presentes a seguir salvaguardando las t\u00e9cnicas ancestrales que han sido transmitidas de generaci\u00f3n en generaci\u00f3n, y se siga valorando y apoyando a las y los artesanos que son los que posicionan esta Ruta Tur\u00edstica.<\/p>\n\n\n\n<p>El Comit\u00e9 de la Ruta M\u00e1gica de las Artesan\u00edas est\u00e1 encabezado por el presidente municipal de San Mart\u00edn Tilcajete, Aar\u00f3n Mart\u00ednez Jim\u00e9nez, y conformado por las y los presidentes municipales de, Santa Cruz Xoxocotl\u00e1n, Nancy Ben\u00edtez Z\u00e1rate; de Cuil\u00e1pam de Guerrero, Mayra Silva Hern\u00e1ndez; de la Villa de Zaachila, Ernesto Vargas L\u00f3pez; de Santa Mar\u00eda Atzompa, Juan Justino L\u00f3pez Torres.<\/p>\n\n\n\n<p>Tambi\u00e9n, de San Bartolo Coyotepec, Silviano Calder\u00f3n Gal\u00e1n; de Santo Tom\u00e1s Jalieza, Heladio Ch\u00e1vez; de San Antonino Castillo Velasco, Gaudencio Gerardo Campos; y de Ocotl\u00e1n de Morelos, Antonio Meraz Concha.<\/p>\n\n\n\n<p>CAMINOS DEL MEZCAL<\/p>\n\n\n\n<p>En otro acto, la secretaria de Turismo tom\u00f3 protesta a siete presidentes municipales, integrantes del Comit\u00e9 de la Ruta Caminos del Mezcal, para impulsar el turismo en la regi\u00f3n, el desarrollo econ\u00f3mico, preservaci\u00f3n cultural y dignificaci\u00f3n del trabajo comunitario.<\/p>\n\n\n\n<p>En un acto celebrado en el Museo Ervin Frissell de la Villa de Mitla, el organismo qued\u00f3 integrado por presidentes municipales de Santiago Matatl\u00e1n, el Pueblo M\u00e1gico de San Pablo Villa de Mitla, Tlacolula de Matamoros, San Jer\u00f3nimo Tlacochahuaya, Santa Mar\u00eda del Tule, Teotitl\u00e1n del Valle y Santa Ana del Valle.<\/p>\n\n\n\n<p>Pineda Velasco destac\u00f3 que a trav\u00e9s de este grupo se busca que personas productoras y familias de los municipios de la regi\u00f3n de Valles Centrales logren una derrama econ\u00f3mica y una mayor afluencia de visitantes nacionales e internacionales.<\/p>\n\n\n\n<p>Ante personas productoras, artesanas, prestadoras de servicios tur\u00edsticos, mezcaleras y habitantes de estos municipios del valle de Tlacolula; Pineda Velasco destac\u00f3 que se da un paso firme en el fortalecimiento de la identidad, la econom\u00eda y el legado cultural en la regi\u00f3n productora de la bebida tradicional m\u00e1s importante que se realiza en Oaxaca.<\/p>\n\n\n\n<p>Dijo que el mezcal no es solo una bebida, sino un s\u00edmbolo de la tierra oaxaque\u00f1a, una expresi\u00f3n de historia, de resistencia y de comunidad. \u201cEs el resultado de un saber ancestral que ha pasado de generaci\u00f3n en generaci\u00f3n. M\u00e1s de 260 mil empleos sostienen a 125 mil familias que dependen del sector, las cuales han resguardado el misticismo de la elaboraci\u00f3n de este n\u00e9ctar al menos durante cuatro siglos\u201d, refiri\u00f3.<\/p>\n","protected":false},"excerpt":{"rendered":"<p>Redacci\u00f3n\/Zona Roja. Oaxaca de Ju\u00e1rez, Oax., a 14 de mayo de 2025.- La secretaria de&hellip;<\/p>\n","protected":false},"author":2,"featured_media":80328,"comment_status":"closed","ping_status":"open","sticky":false,"template":"","format":"standard","meta":{"_lmt_disableupdate":"","_lmt_disable":"","_jetpack_memberships_contains_paid_content":false,"footnotes":""},"categories":[109,46],"tags":[1031],"class_list":["post-80327","post","type-post","status-publish","format-standard","has-post-thumbnail","hentry","category-minuto-a-minuto","category-zona-blanca","tag-secretaria-de-turismo-oaxaca"],"jetpack_featured_media_url":"https:\/\/zonaroja.com.mx\/wp-content\/uploads\/2025\/05\/SECTUR-1.jpg","jetpack_sharing_enabled":true,"_links":{"self":[{"href":"https:\/\/zonaroja.com.mx\/index.php?rest_route=\/wp\/v2\/posts\/80327","targetHints":{"allow":["GET"]}}],"collection":[{"href":"https:\/\/zonaroja.com.mx\/index.php?rest_route=\/wp\/v2\/posts"}],"about":[{"href":"https:\/\/zonaroja.com.mx\/index.php?rest_route=\/wp\/v2\/types\/post"}],"author":[{"embeddable":true,"href":"https:\/\/zonaroja.com.mx\/index.php?rest_route=\/wp\/v2\/users\/2"}],"replies":[{"embeddable":true,"href":"https:\/\/zonaroja.com.mx\/index.php?rest_route=%2Fwp%2Fv2%2Fcomments&post=80327"}],"version-history":[{"count":1,"href":"https:\/\/zonaroja.com.mx\/index.php?rest_route=\/wp\/v2\/posts\/80327\/revisions"}],"predecessor-version":[{"id":80329,"href":"https:\/\/zonaroja.com.mx\/index.php?rest_route=\/wp\/v2\/posts\/80327\/revisions\/80329"}],"wp:featuredmedia":[{"embeddable":true,"href":"https:\/\/zonaroja.com.mx\/index.php?rest_route=\/wp\/v2\/media\/80328"}],"wp:attachment":[{"href":"https:\/\/zonaroja.com.mx\/index.php?rest_route=%2Fwp%2Fv2%2Fmedia&parent=80327"}],"wp:term":[{"taxonomy":"category","embeddable":true,"href":"https:\/\/zonaroja.com.mx\/index.php?rest_route=%2Fwp%2Fv2%2Fcategories&post=80327"},{"taxonomy":"post_tag","embeddable":true,"href":"https:\/\/zonaroja.com.mx\/index.php?rest_route=%2Fwp%2Fv2%2Ftags&post=80327"}],"curies":[{"name":"wp","href":"https:\/\/api.w.org\/{rel}","templated":true}]}}