{"id":80330,"date":"2025-05-14T20:35:37","date_gmt":"2025-05-15T02:35:37","guid":{"rendered":"https:\/\/zonaroja.com.mx\/?p=80330"},"modified":"2025-05-14T20:35:39","modified_gmt":"2025-05-15T02:35:39","slug":"detienen-en-el-istmo-a-tres-delincuentes-uno-de-ellos-del-cartel-de-sinaloa","status":"publish","type":"post","link":"https:\/\/zonaroja.com.mx\/?p=80330","title":{"rendered":"Detienen en el Istmo a tres delincuentes, uno de ellos del C\u00e1rtel de Sinaloa"},"content":{"rendered":"\n<p>Raymundo Morales\/Zona Roja.<\/p>\n\n\n\n<p>Oaxaca de Ju\u00e1rez, Oax., a 14 de mayo de 2025.- La Operaci\u00f3n \u201cSable\u201d sigue dando resultados en la regi\u00f3n del Istmo de Tehuantepec.<\/p>\n\n\n\n<p>Personal de la Fiscal\u00eda General del Estado de Oaxaca, la Secretar\u00eda de Seguridad y Protecci\u00f3n Ciudadana, la Secretar\u00eda de Marina, la Secretar\u00eda de la Defensa Nacional y la Guardia Nacional, detuvieron a tres presuntos delincuentes de alta peligrosidad.<\/p>\n\n\n\n<p>Se trata de L.C.M., A.P.R. (Alias \u201cEl Marino\u201d) y F.M.C., a quienes adem\u00e1s les aseguraron armas de fuego abastecidas, as\u00ed como decenas de dosis de diferentes drogas, por lo que, tanto las personas detenidas, como los objetos asegurados, quedaron a disposici\u00f3n del Ministerio P\u00fablico.<\/p>\n\n\n\n<p>Armando P. de la R., alias \u201cEl Marino\u201d es desertor de la Marina y pertenec\u00eda a la organizaci\u00f3n \u201cLos Cabrera\u201d, del C\u00e1rtel de Sinaloa; operaba entre Durango y Sinaloa y fue enviado a Oaxaca para extender a su organizaci\u00f3n.<\/p>\n\n\n\n<p>Fueron aprehendidos en un operativo conjunto efectuado ayer en las calles de Nicol\u00e1s Bravo y la Avenida 16 de Septiembre de la colonia La Moderna, en Ciudad Ixtepec.<\/p>\n\n\n\n<p>\u201cLuego de llevar a cabo los estudios de an\u00e1lisis y contexto por las detenciones, dichas investigaciones revelaron que A.P.R. (\u201cEl Marino\u201d), estar\u00eda relacionado con actividades delictivas vinculadas con c\u00e9lulas delictivas que operan en el norte del pa\u00eds, principalmente en el estado de Sinaloa, por lo que se profundiza en esta l\u00ednea de investigaci\u00f3n\u201d, inform\u00f3 la Fisal\u00eda.<\/p>\n\n\n\n<p>Detall\u00f3 que lleva a cabo trabajos coordinados con dependencias federales para reforzar los trabajos de inteligencia criminal, que han permitido realizar acciones con resultados positivos a favor de la sociedad, con el objetivo de reducir los \u00edndices delictivos y garantizar la seguridad en todas las regiones de la entidad.<\/p>\n","protected":false},"excerpt":{"rendered":"<p>Raymundo Morales\/Zona Roja. Oaxaca de Ju\u00e1rez, Oax., a 14 de mayo de 2025.- La Operaci\u00f3n&hellip;<\/p>\n","protected":false},"author":2,"featured_media":80331,"comment_status":"closed","ping_status":"open","sticky":false,"template":"","format":"standard","meta":{"_lmt_disableupdate":"","_lmt_disable":"","_jetpack_memberships_contains_paid_content":false,"footnotes":""},"categories":[109,46],"tags":[494],"class_list":["post-80330","post","type-post","status-publish","format-standard","has-post-thumbnail","hentry","category-minuto-a-minuto","category-zona-blanca","tag-fiscalia-general-del-estado-de-oaxaca"],"jetpack_featured_media_url":"https:\/\/zonaroja.com.mx\/wp-content\/uploads\/2025\/05\/Detenidos-cartel-Sinaloa-en-Coiudad-Ixtepec.jpeg","jetpack_sharing_enabled":true,"_links":{"self":[{"href":"https:\/\/zonaroja.com.mx\/index.php?rest_route=\/wp\/v2\/posts\/80330","targetHints":{"allow":["GET"]}}],"collection":[{"href":"https:\/\/zonaroja.com.mx\/index.php?rest_route=\/wp\/v2\/posts"}],"about":[{"href":"https:\/\/zonaroja.com.mx\/index.php?rest_route=\/wp\/v2\/types\/post"}],"author":[{"embeddable":true,"href":"https:\/\/zonaroja.com.mx\/index.php?rest_route=\/wp\/v2\/users\/2"}],"replies":[{"embeddable":true,"href":"https:\/\/zonaroja.com.mx\/index.php?rest_route=%2Fwp%2Fv2%2Fcomments&post=80330"}],"version-history":[{"count":1,"href":"https:\/\/zonaroja.com.mx\/index.php?rest_route=\/wp\/v2\/posts\/80330\/revisions"}],"predecessor-version":[{"id":80332,"href":"https:\/\/zonaroja.com.mx\/index.php?rest_route=\/wp\/v2\/posts\/80330\/revisions\/80332"}],"wp:featuredmedia":[{"embeddable":true,"href":"https:\/\/zonaroja.com.mx\/index.php?rest_route=\/wp\/v2\/media\/80331"}],"wp:attachment":[{"href":"https:\/\/zonaroja.com.mx\/index.php?rest_route=%2Fwp%2Fv2%2Fmedia&parent=80330"}],"wp:term":[{"taxonomy":"category","embeddable":true,"href":"https:\/\/zonaroja.com.mx\/index.php?rest_route=%2Fwp%2Fv2%2Fcategories&post=80330"},{"taxonomy":"post_tag","embeddable":true,"href":"https:\/\/zonaroja.com.mx\/index.php?rest_route=%2Fwp%2Fv2%2Ftags&post=80330"}],"curies":[{"name":"wp","href":"https:\/\/api.w.org\/{rel}","templated":true}]}}